{"id":24956,"date":"2021-01-22T19:00:23","date_gmt":"2021-01-22T18:00:23","guid":{"rendered":"https:\/\/www.lintelligentdabidjan.info\/news\/?p=24956"},"modified":"2021-01-22T19:32:02","modified_gmt":"2021-01-22T18:32:02","slug":"cote-divoirearmand-ouegnin-defie-le-rhdp-le-6-mars-2021-cest-finibictogo-replique-edslegislativesdecrispation","status":"publish","type":"post","link":"https:\/\/www.lintelligentdabidjan.info\/news\/cote-divoirearmand-ouegnin-defie-le-rhdp-le-6-mars-2021-cest-finibictogo-replique-edslegislativesdecrispation\/","title":{"rendered":"C\u00f4te d\u2019Ivoire:Armand Ouegnin d\u00e9fie le Rhdp \u00abLe 6 mars 2021 c&#8217;est fini\u00bb,Bictogo r\u00e9plique (EDS,l\u00e9gislatives,d\u00e9crispation)"},"content":{"rendered":"<p><em><strong>Vendredi 22 janvier 2021, \u00e0 la Commission \u00e9lectorale ind\u00e9pendante (Cei) \u00e0 Abidjan II Plateaux, Adama Bictogo, Directeur ex\u00e9cutif du Rhdp, parti au pouvoir, et Georges Armand Ouegnin, pr\u00e9sident de Ensemble pour la d\u00e9mocratie et la souverainet\u00e9 (EDS), plate-forme de l\u2019opposition \u00e0 laquelle appartient le Fpi tendance Gbagbo, se sont parl\u00e9 et taquin\u00e9s, alors qu\u2019ils \u00e9taient venus d\u00e9poser des candidatures au dernier jour du d\u00e9p\u00f4t des dossiers pour les \u00e9lections l\u00e9gislative du 6 mars 2021. <\/strong><\/em><\/p>\n<p>\u00abNous sommes des adversaires, mais nous ne sommes pas des ennemis \u00bb, a lanc\u00e9 George Ouegnin avant Adama Bictogo qui a r\u00e9pondu : \u00ab La C\u00f4te d&#8217;Ivoire peut se rassembler et elle est rassembl\u00e9e \u00bb.<\/p>\n<p>Dans la foul\u00e9e, Georges Armand Ou\u00e9gnin, Pr\u00e9sident de Eds, a d\u00e9fi\u00e9 Adama Bictogo : \u00ab Nous allons prendre le parlement* ( Ndlr : l\u2019Assembl\u00e9e nationale) . Le 6 mars 2021, c&#8217;est fini ! Les Ivoiriens sauront que c&#8217;est nous qui tenons le pouvoir \u00bb.<\/p>\n<p><img loading=\"lazy\" decoding=\"async\" class=\"alignnone size-medium wp-image-24960\" src=\"https:\/\/www.lintelligentdabidjan.info\/news\/wp-content\/uploads\/2021\/01\/28A7C472-CD61-4D27-8285-98CDF01B23D0-300x168.jpeg\" alt=\"28A7C472-CD61-4D27-8285-98CDF01B23D0\" width=\"300\" height=\"168\" srcset=\"https:\/\/www.lintelligentdabidjan.info\/news\/wp-content\/uploads\/2021\/01\/28A7C472-CD61-4D27-8285-98CDF01B23D0-300x168.jpeg 300w, https:\/\/www.lintelligentdabidjan.info\/news\/wp-content\/uploads\/2021\/01\/28A7C472-CD61-4D27-8285-98CDF01B23D0-768x430.jpeg 768w, https:\/\/www.lintelligentdabidjan.info\/news\/wp-content\/uploads\/2021\/01\/28A7C472-CD61-4D27-8285-98CDF01B23D0-1024x573.jpeg 1024w, https:\/\/www.lintelligentdabidjan.info\/news\/wp-content\/uploads\/2021\/01\/28A7C472-CD61-4D27-8285-98CDF01B23D0-696x390.jpeg 696w, https:\/\/www.lintelligentdabidjan.info\/news\/wp-content\/uploads\/2021\/01\/28A7C472-CD61-4D27-8285-98CDF01B23D0-1068x598.jpeg 1068w, https:\/\/www.lintelligentdabidjan.info\/news\/wp-content\/uploads\/2021\/01\/28A7C472-CD61-4D27-8285-98CDF01B23D0-750x420.jpeg 750w, https:\/\/www.lintelligentdabidjan.info\/news\/wp-content\/uploads\/2021\/01\/28A7C472-CD61-4D27-8285-98CDF01B23D0.jpeg 1600w\" sizes=\"auto, (max-width: 300px) 100vw, 300px\" \/><\/p>\n<p>&nbsp;<\/p>\n<p>\u00ab Non non, le parlement (Ndlr: l\u2019Assembl\u00e9e nationale) il est Rhdp. Le 6 mars 2021, nous aurons une majorit\u00e9 confortable. Et l&#8217;opposition nous accompagnera naturellement \u00bb, a r\u00e9pliqu\u00e9 le Directeur ex\u00e9cutif du Rhdp.<\/p>\n<p>Arriv\u00e9 apr\u00e8s Georges Ouegnin Adama Bictogo \u00e9tait all\u00e9 vers celui-ci pour le saluer. L\u2019\u00e9change a dur\u00e9 environ deux minutes, au cours desquelles les deux figures de la politique ivoirienne se sont donn\u00e9 rendez-vous au apr\u00e8s le 6 mars 2021.<\/p>\n<p><strong>MO avec KN<\/strong><\/p>\n","protected":false},"excerpt":{"rendered":"<p>Vendredi 22 janvier 2021, \u00e0 la Commission \u00e9lectorale ind\u00e9pendante (Cei) \u00e0 Abidjan II Plateaux, Adama Bictogo, Directeur ex\u00e9cutif du Rhdp, parti au pouvoir, et Georges Armand Ouegnin, pr\u00e9sident de Ensemble pour la d\u00e9mocratie et la souverainet\u00e9 (EDS), plate-forme de l\u2019opposition \u00e0 laquelle appartient le Fpi tendance Gbagbo, se sont parl\u00e9 et taquin\u00e9s, alors qu\u2019ils \u00e9taient [&hellip;]<\/p>\n","protected":false},"author":3,"featured_media":24957,"comment_status":"closed","ping_status":"closed","sticky":false,"template":"","format":"standard","meta":{"footnotes":""},"categories":[2,17],"tags":[823,45,714,144],"class_list":["post-24956","post","type-post","status-publish","format-standard","has-post-thumbnail","hentry","category-featured","category-politique","tag-eds","tag-fpi","tag-legislatives","tag-rhdp"],"_links":{"self":[{"href":"https:\/\/www.lintelligentdabidjan.info\/news\/wp-json\/wp\/v2\/posts\/24956","targetHints":{"allow":["GET"]}}],"collection":[{"href":"https:\/\/www.lintelligentdabidjan.info\/news\/wp-json\/wp\/v2\/posts"}],"about":[{"href":"https:\/\/www.lintelligentdabidjan.info\/news\/wp-json\/wp\/v2\/types\/post"}],"author":[{"embeddable":true,"href":"https:\/\/www.lintelligentdabidjan.info\/news\/wp-json\/wp\/v2\/users\/3"}],"replies":[{"embeddable":true,"href":"https:\/\/www.lintelligentdabidjan.info\/news\/wp-json\/wp\/v2\/comments?post=24956"}],"version-history":[{"count":3,"href":"https:\/\/www.lintelligentdabidjan.info\/news\/wp-json\/wp\/v2\/posts\/24956\/revisions"}],"predecessor-version":[{"id":24961,"href":"https:\/\/www.lintelligentdabidjan.info\/news\/wp-json\/wp\/v2\/posts\/24956\/revisions\/24961"}],"wp:featuredmedia":[{"embeddable":true,"href":"https:\/\/www.lintelligentdabidjan.info\/news\/wp-json\/wp\/v2\/media\/24957"}],"wp:attachment":[{"href":"https:\/\/www.lintelligentdabidjan.info\/news\/wp-json\/wp\/v2\/media?parent=24956"}],"wp:term":[{"taxonomy":"category","embeddable":true,"href":"https:\/\/www.lintelligentdabidjan.info\/news\/wp-json\/wp\/v2\/categories?post=24956"},{"taxonomy":"post_tag","embeddable":true,"href":"https:\/\/www.lintelligentdabidjan.info\/news\/wp-json\/wp\/v2\/tags?post=24956"}],"curies":[{"name":"wp","href":"https:\/\/api.w.org\/{rel}","templated":true}]}}