{"id":25055,"date":"2021-02-09T21:26:54","date_gmt":"2021-02-09T20:26:54","guid":{"rendered":"https:\/\/www.lintelligentdabidjan.info\/news\/?p=25055"},"modified":"2021-02-09T21:26:54","modified_gmt":"2021-02-09T20:26:54","slug":"cote-divoire-mabri-et-ble-guirao-reagissent-apres-le-deces-tia-kone-ex-president-de-la-cour-supreme","status":"publish","type":"post","link":"https:\/\/www.lintelligentdabidjan.info\/news\/cote-divoire-mabri-et-ble-guirao-reagissent-apres-le-deces-tia-kone-ex-president-de-la-cour-supreme\/","title":{"rendered":"C\u00f4te d\u2019Ivoire : Mabri et Bl\u00e9 Guirao r\u00e9agissent apr\u00e8s le d\u00e9c\u00e8s Tia Kon\u00e9, ex pr\u00e9sident de la Cour supr\u00eame"},"content":{"rendered":"<p><em><strong>La mort du magistrat Tia Kon\u00e9, pr\u00e9sident de la Cour supr\u00eame de la C\u00f4te d\u2019Ivoire entre juillet 2000 et avril 2011, et de Solange Wo\u00ef Mess\u00e9, \u00e9pouse du vice-pr\u00e9sident de l&#8217;UDPCI, Alphonse Wo\u00ef Mess\u00e9, a \u00e9t\u00e9 annonc\u00e9e le mardi 9 f\u00e9vrier 2021. <\/strong><\/em><\/p>\n<p>\u00abJ&#8217;ai appris avec beaucoup de tristesse les d\u00e9c\u00e8s du Pr\u00e9sident Tia Kon\u00e9 et de Madame Solange Wo\u00ef Mess\u00e9. Puisse Dieu accepter leur \u00e2me et consoler leur famille, Madame Lucienne Tia et le doyen Alphonse Wo\u00ef Mess\u00e9 en particulier. Condol\u00e9ances \u00e0 la sous-pr\u00e9fecture de Gbangb\u00e9gouin\u00e9, au pays Toura, \u00e0 Biankouma et \u00e0 la grande famille du Tonkpi \u00bb, a \u00e9crit sur sa page Facebook le pr\u00e9sident de l&#8217;UDPCI, Albert Mabri Toikeusse.<\/p>\n<p>Joint au t\u00e9l\u00e9phone dans l&#8217;apr\u00e8s-midi du mardi 9 f\u00e9vrier, Jean Bl\u00e9 Guirao, secr\u00e9taire g\u00e9n\u00e9ral de l&#8217;Union pour la d\u00e9mocratie et pour la paix (UDPCI) a dit : \u00ab Le pr\u00e9sident Tia Kon\u00e9 a \u00e9t\u00e9 malade. Certains disent que c&#8217;est le coronavirus. Je ne sais pas. Le pr\u00e9sident Tia Kon\u00e9 est mort aujourd&#8217;hui (mardi 9 f\u00e9vrier 2021 , ndlr) et la femme de Wo\u00ef Mess\u00e9 est morte hier (lundi 8 f\u00e9vrier 2021, ndlr). Elle \u00e9tait un peu malade et elle est partie \u00e0 Man&#8221;.<\/p>\n<p>La mort de Tia Kon\u00e9 survient quelques jours apr\u00e8s celle de Laurent Dona Fologo, le p\u00e8re du Sursaut national, d\u00e9c\u00e9d\u00e9 le vendredi 5 f\u00e9vrier 2021.<\/p>\n<p><a href=\"https:\/\/play.google.com\/store\/apps\/details?id=com.universalwebview.android\" target=\"_blank\">https:\/\/play.google.com\/store\/apps\/details?id=com.universalwebview.android<\/a><\/p>\n<p><strong>OD<\/strong><\/p>\n","protected":false},"excerpt":{"rendered":"<p>La mort du magistrat Tia Kon\u00e9, pr\u00e9sident de la Cour supr\u00eame de la C\u00f4te d\u2019Ivoire entre juillet 2000 et avril 2011, et de Solange Wo\u00ef Mess\u00e9, \u00e9pouse du vice-pr\u00e9sident de l&#8217;UDPCI, Alphonse Wo\u00ef Mess\u00e9, a \u00e9t\u00e9 annonc\u00e9e le mardi 9 f\u00e9vrier 2021. \u00abJ&#8217;ai appris avec beaucoup de tristesse les d\u00e9c\u00e8s du Pr\u00e9sident Tia Kon\u00e9 et [&hellip;]<\/p>\n","protected":false},"author":3,"featured_media":25056,"comment_status":"closed","ping_status":"closed","sticky":false,"template":"","format":"standard","meta":{"_monsterinsights_skip_tracking":false,"_monsterinsights_sitenote_active":false,"_monsterinsights_sitenote_note":"","_monsterinsights_sitenote_category":0,"footnotes":""},"categories":[2,17],"tags":[978,77,981,979,977,980],"class_list":["post-25055","post","type-post","status-publish","format-standard","has-post-thumbnail","hentry","category-featured","category-politique","tag-ble-guirao","tag-cote-divoire","tag-cour-supreme","tag-deces","tag-mabri","tag-tia-kone"],"_links":{"self":[{"href":"https:\/\/www.lintelligentdabidjan.info\/news\/wp-json\/wp\/v2\/posts\/25055","targetHints":{"allow":["GET"]}}],"collection":[{"href":"https:\/\/www.lintelligentdabidjan.info\/news\/wp-json\/wp\/v2\/posts"}],"about":[{"href":"https:\/\/www.lintelligentdabidjan.info\/news\/wp-json\/wp\/v2\/types\/post"}],"author":[{"embeddable":true,"href":"https:\/\/www.lintelligentdabidjan.info\/news\/wp-json\/wp\/v2\/users\/3"}],"replies":[{"embeddable":true,"href":"https:\/\/www.lintelligentdabidjan.info\/news\/wp-json\/wp\/v2\/comments?post=25055"}],"version-history":[{"count":1,"href":"https:\/\/www.lintelligentdabidjan.info\/news\/wp-json\/wp\/v2\/posts\/25055\/revisions"}],"predecessor-version":[{"id":25057,"href":"https:\/\/www.lintelligentdabidjan.info\/news\/wp-json\/wp\/v2\/posts\/25055\/revisions\/25057"}],"wp:featuredmedia":[{"embeddable":true,"href":"https:\/\/www.lintelligentdabidjan.info\/news\/wp-json\/wp\/v2\/media\/25056"}],"wp:attachment":[{"href":"https:\/\/www.lintelligentdabidjan.info\/news\/wp-json\/wp\/v2\/media?parent=25055"}],"wp:term":[{"taxonomy":"category","embeddable":true,"href":"https:\/\/www.lintelligentdabidjan.info\/news\/wp-json\/wp\/v2\/categories?post=25055"},{"taxonomy":"post_tag","embeddable":true,"href":"https:\/\/www.lintelligentdabidjan.info\/news\/wp-json\/wp\/v2\/tags?post=25055"}],"curies":[{"name":"wp","href":"https:\/\/api.w.org\/{rel}","templated":true}]}}