{"id":25079,"date":"2021-02-12T00:05:17","date_gmt":"2021-02-11T23:05:17","guid":{"rendered":"https:\/\/www.lintelligentdabidjan.info\/news\/?p=25079"},"modified":"2021-02-12T00:05:31","modified_gmt":"2021-02-11T23:05:31","slug":"securisation-des-legislatives-2021-attaques-terroristes-le-message-de-vagondo-diomande-aux-policiers","status":"publish","type":"post","link":"https:\/\/www.lintelligentdabidjan.info\/news\/securisation-des-legislatives-2021-attaques-terroristes-le-message-de-vagondo-diomande-aux-policiers\/","title":{"rendered":"S\u00e9curisation des l\u00e9gislatives 2021, attaques terroristes: Le message de Vagondo Diomand\u00e9 aux policiers"},"content":{"rendered":"<p><em><strong>&#8220;Faire l&#8217;\u00e9valuation des activit\u00e9s r\u00e9alis\u00e9es tout au long de l&#8217;ann\u00e9e \u00e9coul\u00e9e  afin de d\u00e9terminer de nouvelles strat\u00e9gies efficaces et adapt\u00e9es \u00e0 la pr\u00e9vention et la lutte contre la  criminalit\u00e9 sous toutes ses formes sur l&#8217;ensemble du territoire national, et  poursuivre la redynamisation de la collaboration entre les diff\u00e9rentes unit\u00e9s de police&#8230;.&#8221;Tels sont les objectifs  du s\u00e9minaire de r\u00e9flexions et d&#8217;\u00e9changes des services de la police nationale de C\u00f4te d&#8217;Ivoire dont les travaux ont lieu du jeudi 11 au samedi 13 f\u00e9vrier  2021 \u00e0 Yamoussoukro.<\/strong><\/em><\/p>\n<p>\u00c0 l&#8217;ouverture, le ministre de l&#8217;Int\u00e9rieur et de la S\u00e9curit\u00e9, Vagondo Diomand\u00e9 a traduit les f\u00e9licitations du pr\u00e9sident Ouattara aux personnels de la police nationale, pour le professionnalisme dont ils ont fait preuve lors de la s\u00e9curisation de l&#8217;\u00e9lection pr\u00e9sidentielle du 31 octobre 2021. &#8221; C&#8217;est une fiert\u00e9 de noter que votre professionnalisme et votre savoir-faire \u00e0 la gestion du volet s\u00e9curitaire de l&#8217;\u00e9lection pr\u00e9sidentielle octobre 2020 ont \u00e9t\u00e9 hautement appr\u00e9ci\u00e9s tant par les autorit\u00e9s et les populations ivoiriennes que par les nombreux observateurs internationaux qui nous ont accompagn\u00e9s pendant ce scrutin&#8221;, a-t-il t\u00e9moign\u00e9.  Avant de saluer ces assises, qui selon lui est la preuve de la forte volont\u00e9 de la police nationale de rechercher les voies et moyens pour l\u2019am\u00e9lioration constante de l&#8217;offre de service de la police au profit des populations. \u00c0 cet \u00e9gard, il a f\u00e9licit\u00e9 l&#8217;administrateur de police, Kouyat\u00e9 Youssouf, directeur g\u00e9n\u00e9ral de la police, non seulement pour avoir perp\u00e9tu\u00e9 le cadre, mais \u00e9galement pour lui, avoir  donn\u00e9 ses lettres de noblesse en l&#8217;enrichissant davantage, et en mettant un point d&#8217;honneur en garantissant sa tenue r\u00e9guli\u00e8re chaque ann\u00e9e. Cependant, il a invit\u00e9 ces derniers \u00e0 plus de vigilance et d&#8217;ing\u00e9niosit\u00e9 face aux menaces s\u00e9curitaires, et terroristes qui rendraient ces victoires fragiles , si celles- ci ne s&#8217;inscrivaient pas dans la dur\u00e9e.   &#8221; Il nous faut toujours nous remettre en cause, adapter nos strat\u00e9gies aux mutations de notre environnement. Au quotidien, les bandits, les criminels de tout acabit affinent leurs strat\u00e9gies en se servant de l&#8217;\u00e9volution technologique&#8221;, a-t-il indiqu\u00e9. C&#8217;est pourquoi, il s&#8217;est f\u00e9licit\u00e9 des th\u00e9matiques retenues, notamment la collaboration entre la police judiciaire et la police scientifique, dans la gestion des sc\u00e8nes de crimes, la collaboration entre l&#8217;unit\u00e9 de lutte contre la criminalit\u00e9 transnationale organis\u00e9e ( UTC) et les autres directions de la police judiciaire. Abordant, le volet s\u00e9curitaire des l\u00e9gislatives du 6 mars prochain, le ministre Vagondo Diomand\u00e9 a  invit\u00e9 l&#8217;ensemble des services de police \u00e0 intervenir en cas de besoin, mais cela dans le strict respect de leur  code d\u00e9ontologie et des droits humains. Aussi, a-t-il rassur\u00e9, les populations ivoiriennes de la s\u00e9curisation parfaite de ce scrutin l\u00e9gislatif &#8221; nous avons les hommes et les moyens, nous sommes pr\u00eats&#8221;, a-t-il dit.<\/p>\n<p><strong>Ce que le DG de la police et le repr\u00e9sentant r\u00e9sident du Pnud ont dit<\/strong><\/p>\n<p>Dans le m\u00eame sens le DG de la police nationale, Kouyat\u00e9 Youssouf a invit\u00e9  l&#8217;ensemble des personnels de police \u00e0 continuer de travailler avec abn\u00e9gation, et professionnalisme afin de relever les d\u00e9fis \u00e0 venir. C&#8217;est pourquoi, il a exhort\u00e9 les participants \u00e0 s&#8217;approprier les diff\u00e9rentes th\u00e9matiques pour faire de pertinentes observations et recommandations. Pour le reste, Jonas M\u2019fouati\u00e9, repr\u00e9sentant du repr\u00e9sentant r\u00e9sident du Pnud a r\u00e9it\u00e9r\u00e9 l&#8217;engagement de son organisme  \u00e0 demeurer aux c\u00f4t\u00e9s de la police, surtout pour les \u00e9lections l\u00e9gislatives s\u00e9curis\u00e9es.  Pour ce faire,  il a invit\u00e9 l&#8217;assistance \u00e0 examiner  durant ces 72 heures, entre autres, la n\u00e9cessit\u00e9 de renforcer les synergies entre l&#8217;ensemble des directions et les d\u00e9partements de la s\u00e9curit\u00e9 int\u00e9rieure et renforcer leur compl\u00e9mentarit\u00e9 dans une perspective d&#8217;efficacit\u00e9 au profit des populations ; renforcer la confiance des communaut\u00e9s, gage d&#8217;une action sur le terrain dans un environnement plus serein, surtout avec la mont\u00e9e de l&#8217;extr\u00e9misme violent&#8230;.etc.<\/p>\n<p><strong>Harry Diallo \u00e0 Yamoussoukro<\/strong><\/p>\n","protected":false},"excerpt":{"rendered":"<p>&#8220;Faire l&#8217;\u00e9valuation des activit\u00e9s r\u00e9alis\u00e9es tout au long de l&#8217;ann\u00e9e \u00e9coul\u00e9e afin de d\u00e9terminer de nouvelles strat\u00e9gies efficaces et adapt\u00e9es \u00e0 la pr\u00e9vention et la lutte contre la criminalit\u00e9 sous toutes ses formes sur l&#8217;ensemble du territoire national, et poursuivre la redynamisation de la collaboration entre les diff\u00e9rentes unit\u00e9s de police&#8230;.&#8221;Tels sont les objectifs du [&hellip;]<\/p>\n","protected":false},"author":3,"featured_media":25080,"comment_status":"closed","ping_status":"closed","sticky":false,"template":"","format":"standard","meta":{"_monsterinsights_skip_tracking":false,"_monsterinsights_sitenote_active":false,"_monsterinsights_sitenote_note":"","_monsterinsights_sitenote_category":0,"footnotes":""},"categories":[2,1,17],"tags":[],"class_list":["post-25079","post","type-post","status-publish","format-standard","has-post-thumbnail","hentry","category-featured","category-actualites","category-politique"],"_links":{"self":[{"href":"https:\/\/www.lintelligentdabidjan.info\/news\/wp-json\/wp\/v2\/posts\/25079","targetHints":{"allow":["GET"]}}],"collection":[{"href":"https:\/\/www.lintelligentdabidjan.info\/news\/wp-json\/wp\/v2\/posts"}],"about":[{"href":"https:\/\/www.lintelligentdabidjan.info\/news\/wp-json\/wp\/v2\/types\/post"}],"author":[{"embeddable":true,"href":"https:\/\/www.lintelligentdabidjan.info\/news\/wp-json\/wp\/v2\/users\/3"}],"replies":[{"embeddable":true,"href":"https:\/\/www.lintelligentdabidjan.info\/news\/wp-json\/wp\/v2\/comments?post=25079"}],"version-history":[{"count":1,"href":"https:\/\/www.lintelligentdabidjan.info\/news\/wp-json\/wp\/v2\/posts\/25079\/revisions"}],"predecessor-version":[{"id":25081,"href":"https:\/\/www.lintelligentdabidjan.info\/news\/wp-json\/wp\/v2\/posts\/25079\/revisions\/25081"}],"wp:featuredmedia":[{"embeddable":true,"href":"https:\/\/www.lintelligentdabidjan.info\/news\/wp-json\/wp\/v2\/media\/25080"}],"wp:attachment":[{"href":"https:\/\/www.lintelligentdabidjan.info\/news\/wp-json\/wp\/v2\/media?parent=25079"}],"wp:term":[{"taxonomy":"category","embeddable":true,"href":"https:\/\/www.lintelligentdabidjan.info\/news\/wp-json\/wp\/v2\/categories?post=25079"},{"taxonomy":"post_tag","embeddable":true,"href":"https:\/\/www.lintelligentdabidjan.info\/news\/wp-json\/wp\/v2\/tags?post=25079"}],"curies":[{"name":"wp","href":"https:\/\/api.w.org\/{rel}","templated":true}]}}