{"id":25102,"date":"2021-02-15T00:38:29","date_gmt":"2021-02-14T23:38:29","guid":{"rendered":"https:\/\/www.lintelligentdabidjan.info\/news\/?p=25102"},"modified":"2021-02-15T00:39:03","modified_gmt":"2021-02-14T23:39:03","slug":"fif-cote-divoire-mariam-dao-gabala-decrete-la-fin-de-lhommage-a-sidy-diallo-et-fait-retirer-son-poster-geant","status":"publish","type":"post","link":"https:\/\/www.lintelligentdabidjan.info\/news\/fif-cote-divoire-mariam-dao-gabala-decrete-la-fin-de-lhommage-a-sidy-diallo-et-fait-retirer-son-poster-geant\/","title":{"rendered":"FIF C\u00f4te d&#8217;Ivoire- Mariam Dao Gabala d\u00e9cr\u00e8te la fin de l\u2019hommage \u00e0 Sidy Diallo et fait retirer son poster g\u00e9ant"},"content":{"rendered":"<p><em><strong>Le poster g\u00e9ant en hommage du d\u00e9funt pr\u00e9sident de la FIF, Augustin Sidy Diallo n&#8217;est plus visible depuis quelques jours. Il a \u00e9t\u00e9 retir\u00e9, le lundi 8 f\u00e9vrier 2021 sur instruction de la Pr\u00e9sidente du comit\u00e9 de normalisation, Mariam Dao Gabala. <\/strong><\/em><\/p>\n<p>Selon, les informations en notre possession, l&#8217;ancien directeur ex\u00e9cutif de la FIF Sam Etiass\u00e9 encore en poste avait fait ex\u00e9cuter  cette d\u00e9cision du CN-Fif, alors qu\u2019il \u00e9tait en poste , malgr\u00e9   son opposition \u00e0 cette vision de Mme Gabala.<br \/>\n\u00ab Nous avons fini de rendre hommage au pr\u00e9sident Sidy Diallo \u00bb, a expliqu\u00e9 un salari\u00e9 du comit\u00e9 de normalisation joint le dimanche 14 f\u00e9vrier 2021.<br \/>\nEt de poursuivre : \u00ab \u00c0 la salle de conf\u00e9rence de la FIF, il y a le poster de l&#8217;ensemble des pr\u00e9sidents de la FIF. Personne ne peut se permettre de retirer l&#8217;une des photos, chacun partira pour laisser ces photos \u00bb. Une mani\u00e8re pour lui dire de banaliser le retrait du poster hommage. Pour s\u00fbr le retrait de ce poster ne peut pas effacer l\u2019amour de nombreux sportifs pour Sidy Diallo.<br \/>\n<strong>Ange K<\/strong><\/p>\n","protected":false},"excerpt":{"rendered":"<p>Le poster g\u00e9ant en hommage du d\u00e9funt pr\u00e9sident de la FIF, Augustin Sidy Diallo n&#8217;est plus visible depuis quelques jours. Il a \u00e9t\u00e9 retir\u00e9, le lundi 8 f\u00e9vrier 2021 sur instruction de la Pr\u00e9sidente du comit\u00e9 de normalisation, Mariam Dao Gabala. Selon, les informations en notre possession, l&#8217;ancien directeur ex\u00e9cutif de la FIF Sam Etiass\u00e9 [&hellip;]<\/p>\n","protected":false},"author":3,"featured_media":25103,"comment_status":"closed","ping_status":"closed","sticky":false,"template":"","format":"standard","meta":{"_monsterinsights_skip_tracking":false,"_monsterinsights_sitenote_active":false,"_monsterinsights_sitenote_note":"","_monsterinsights_sitenote_category":0,"footnotes":""},"categories":[2,23],"tags":[],"class_list":["post-25102","post","type-post","status-publish","format-standard","has-post-thumbnail","hentry","category-featured","category-sport"],"_links":{"self":[{"href":"https:\/\/www.lintelligentdabidjan.info\/news\/wp-json\/wp\/v2\/posts\/25102","targetHints":{"allow":["GET"]}}],"collection":[{"href":"https:\/\/www.lintelligentdabidjan.info\/news\/wp-json\/wp\/v2\/posts"}],"about":[{"href":"https:\/\/www.lintelligentdabidjan.info\/news\/wp-json\/wp\/v2\/types\/post"}],"author":[{"embeddable":true,"href":"https:\/\/www.lintelligentdabidjan.info\/news\/wp-json\/wp\/v2\/users\/3"}],"replies":[{"embeddable":true,"href":"https:\/\/www.lintelligentdabidjan.info\/news\/wp-json\/wp\/v2\/comments?post=25102"}],"version-history":[{"count":1,"href":"https:\/\/www.lintelligentdabidjan.info\/news\/wp-json\/wp\/v2\/posts\/25102\/revisions"}],"predecessor-version":[{"id":25104,"href":"https:\/\/www.lintelligentdabidjan.info\/news\/wp-json\/wp\/v2\/posts\/25102\/revisions\/25104"}],"wp:featuredmedia":[{"embeddable":true,"href":"https:\/\/www.lintelligentdabidjan.info\/news\/wp-json\/wp\/v2\/media\/25103"}],"wp:attachment":[{"href":"https:\/\/www.lintelligentdabidjan.info\/news\/wp-json\/wp\/v2\/media?parent=25102"}],"wp:term":[{"taxonomy":"category","embeddable":true,"href":"https:\/\/www.lintelligentdabidjan.info\/news\/wp-json\/wp\/v2\/categories?post=25102"},{"taxonomy":"post_tag","embeddable":true,"href":"https:\/\/www.lintelligentdabidjan.info\/news\/wp-json\/wp\/v2\/tags?post=25102"}],"curies":[{"name":"wp","href":"https:\/\/api.w.org\/{rel}","templated":true}]}}