{"id":25113,"date":"2021-02-17T00:39:27","date_gmt":"2021-02-16T23:39:27","guid":{"rendered":"https:\/\/www.lintelligentdabidjan.info\/news\/?p=25113"},"modified":"2021-02-17T00:39:52","modified_gmt":"2021-02-16T23:39:52","slug":"diner-de-lancement-de-la-40-eme-edition-apres-un-an-dinterruption-les-grands-axes-de-popo-carnaval-2021-a-lepreuve-des-mesures-barrieres-covid-19-devoiles","status":"publish","type":"post","link":"https:\/\/www.lintelligentdabidjan.info\/news\/diner-de-lancement-de-la-40-eme-edition-apres-un-an-dinterruption-les-grands-axes-de-popo-carnaval-2021-a-lepreuve-des-mesures-barrieres-covid-19-devoiles\/","title":{"rendered":"D\u00eener de lancement de la 40 \u00e8me \u00e9dition apr\u00e8s un an d\u2019interruption : Les grands axes de Popo carnaval 2021 &#8211; \u00e0 l\u2019\u00e9preuve des mesures barri\u00e8res Covid 19 \u2013 d\u00e9voil\u00e9s"},"content":{"rendered":"<p><em><strong>Les grands axes de la 40\u00e8me \u00e9dition du Popo Carnaval de Bonoua, ville situ\u00e9e dans la r\u00e9gion du Sud-Como\u00e9 au Sud-est de la C\u00f4te d&#8217;Ivoire, ont \u00e9t\u00e9 d\u00e9voil\u00e9s le jeudi 11 f\u00e9vrier 2021 dans un h\u00f4tel d&#8217;Abidjan-Plateau, au cours d\u2019une c\u00e9r\u00e9monie de lancementCe carnaval, apr\u00e8s un an d&#8217;absence d\u00fb \u00e0 la pand\u00e9mie \u00e0 Coronavirus, aura lieu du 5 au 18 avril 2021 dans la ville de Bonoua, peupl\u00e9e en grande partie des autochtones Abour\u00e9, sous le th\u00e8me : \u00ab  Popo Carnaval de Bonoua, 40 \u00e9ditions au service du d\u00e9veloppement culturel et touristique dans une C\u00f4te d&#8217;Ivoire unie\u00bb.<\/strong><\/em><\/p>\n<p> Compte tenu de la situation sanitaire due \u00e0 la Covid-19, le Commissaire g\u00e9n\u00e9ral du carnaval, Paul Kacou, a indiqu\u00e9 que cette 40 \u00e8me \u00e9dition sera c\u00e9l\u00e9br\u00e9e dans le strict respect des mesures barri\u00e8res de lutte contre la pand\u00e9mie. Cette \u00e9dition 2021 du Carnaval de Bonoua, sera meubl\u00e9e de concours culinaires, de beaut\u00e9, de concerts, d&#8217;une retraite aux flambeaux.l, d&#8217;une foire gastronomique et commerciale, d&#8217;un d\u00e9fil\u00e9 carnavalesque, d&#8217;un festival de jeux traditionnels, de journ\u00e9es destin\u00e9es aux femmes et aux enfants. Selon les organisateurs, les innovations sont entre autres l&#8217;initiation d&#8217;une journ\u00e9e de l&#8217;organisation du peuple Abour\u00e9, peuple autochtone de Bonoua, d&#8217;une campagne de lutte contre la pand\u00e9mie de Covid-19, l&#8217;instauration d&#8217;un prix du meilleur journaliste.<br \/>\nIniti\u00e9 en 1972, le Popo Carnaval, dont &#8220;Popo&#8221; signifie &#8220;masque&#8221; en langue Abour\u00e9, a pour objectifs entre autres d&#8217;offrir une plateforme de rencontre d&#8217;\u00e9changes et de brassage des peuples, de valoriser et promouvoir le patrimoine touristique et culturel de la r\u00e9gion du Sud-Como\u00e9, de contribuer au leadership \u00e9conomique de la C\u00f4te d&#8217;Ivoire \u00e0 travers la culture.<br \/>\nRepr\u00e9sentant Eug\u00e8ne Aka Aou\u00e9l\u00e9, ministre ivoirien de la Sant\u00e9 et de l&#8217;Hygi\u00e8ne publique, \u00e9galement pr\u00e9sident du Conseil r\u00e9gional du Sud-Como\u00e9, et parrain de la 40 \u00e8me \u00e9dition, a la c\u00e9r\u00e9monie de lancement  Kadjo Alphonse, 4\u00e8me vice-pr\u00e9sident du conseil, a dit que le Popo Carnaval est un brassage des cultures des populations de ce pays. Il a ajout\u00e9 que Monsieur Aka Aou\u00e9l\u00e9 en a fait une mission essentielle dans la gestion culturelle de la r\u00e9gion du Sud Como\u00e9.<br \/>\nCette 40 \u00e8me \u00e9dition du Popo carnaval a \u00e9t\u00e9 lanc\u00e9e en pr\u00e9sence d\u2019invit\u00e9s dont Naomi Alaf\u00e9, repr\u00e9sentant son \u00e9poux, Alaf\u00e9 Wakili, Directeur g\u00e9n\u00e9ral de Socef-Ntic, et le maire de la ville d&#8217;accueil du carnaval, Jean-Paul Am\u00e9thier.<br \/>\nLe lancement s&#8217;est \u00e9galement d\u00e9roul\u00e9 sous des couleurs culturelles et artistiques avec  la prestation du com\u00e9dien-humoriste, Koloko Germain alias &#8220;Papitou&#8221;.<\/p>\n<p><strong>MO avec KN<\/strong><\/p>\n","protected":false},"excerpt":{"rendered":"<p>Les grands axes de la 40\u00e8me \u00e9dition du Popo Carnaval de Bonoua, ville situ\u00e9e dans la r\u00e9gion du Sud-Como\u00e9 au Sud-est de la C\u00f4te d&#8217;Ivoire, ont \u00e9t\u00e9 d\u00e9voil\u00e9s le jeudi 11 f\u00e9vrier 2021 dans un h\u00f4tel d&#8217;Abidjan-Plateau, au cours d\u2019une c\u00e9r\u00e9monie de lancementCe carnaval, apr\u00e8s un an d&#8217;absence d\u00fb \u00e0 la pand\u00e9mie \u00e0 Coronavirus, aura [&hellip;]<\/p>\n","protected":false},"author":3,"featured_media":25114,"comment_status":"closed","ping_status":"closed","sticky":false,"template":"","format":"standard","meta":{"_monsterinsights_skip_tracking":false,"_monsterinsights_sitenote_active":false,"_monsterinsights_sitenote_note":"","_monsterinsights_sitenote_category":0,"footnotes":""},"categories":[2,20],"tags":[538,982],"class_list":["post-25113","post","type-post","status-publish","format-standard","has-post-thumbnail","hentry","category-featured","category-art-et-culture","tag-covid-19","tag-popo-carnaval-2021"],"_links":{"self":[{"href":"https:\/\/www.lintelligentdabidjan.info\/news\/wp-json\/wp\/v2\/posts\/25113","targetHints":{"allow":["GET"]}}],"collection":[{"href":"https:\/\/www.lintelligentdabidjan.info\/news\/wp-json\/wp\/v2\/posts"}],"about":[{"href":"https:\/\/www.lintelligentdabidjan.info\/news\/wp-json\/wp\/v2\/types\/post"}],"author":[{"embeddable":true,"href":"https:\/\/www.lintelligentdabidjan.info\/news\/wp-json\/wp\/v2\/users\/3"}],"replies":[{"embeddable":true,"href":"https:\/\/www.lintelligentdabidjan.info\/news\/wp-json\/wp\/v2\/comments?post=25113"}],"version-history":[{"count":1,"href":"https:\/\/www.lintelligentdabidjan.info\/news\/wp-json\/wp\/v2\/posts\/25113\/revisions"}],"predecessor-version":[{"id":25115,"href":"https:\/\/www.lintelligentdabidjan.info\/news\/wp-json\/wp\/v2\/posts\/25113\/revisions\/25115"}],"wp:featuredmedia":[{"embeddable":true,"href":"https:\/\/www.lintelligentdabidjan.info\/news\/wp-json\/wp\/v2\/media\/25114"}],"wp:attachment":[{"href":"https:\/\/www.lintelligentdabidjan.info\/news\/wp-json\/wp\/v2\/media?parent=25113"}],"wp:term":[{"taxonomy":"category","embeddable":true,"href":"https:\/\/www.lintelligentdabidjan.info\/news\/wp-json\/wp\/v2\/categories?post=25113"},{"taxonomy":"post_tag","embeddable":true,"href":"https:\/\/www.lintelligentdabidjan.info\/news\/wp-json\/wp\/v2\/tags?post=25113"}],"curies":[{"name":"wp","href":"https:\/\/api.w.org\/{rel}","templated":true}]}}