{"id":25210,"date":"2021-02-26T00:56:28","date_gmt":"2021-02-25T23:56:28","guid":{"rendered":"https:\/\/www.lintelligentdabidjan.info\/news\/?p=25210"},"modified":"2021-02-26T00:57:13","modified_gmt":"2021-02-25T23:57:13","slug":"cote-divoire-des-victimes-sopposent-au-retour-de-gbagbo-et-menacent-de-sinviter-a-son-accueil","status":"publish","type":"post","link":"https:\/\/www.lintelligentdabidjan.info\/news\/cote-divoire-des-victimes-sopposent-au-retour-de-gbagbo-et-menacent-de-sinviter-a-son-accueil\/","title":{"rendered":"C\u00f4te d\u2019Ivoire &#8211;  Des victimes s\u2019opposent au retour de Gbagbo et menacent de s\u2019inviter \u00e0 son accueil"},"content":{"rendered":"<p><em><strong>Le jeudi 25 f\u00e9vrier 2021, \u00e0 l\u2019occasion d\u2019une conf\u00e9rence de presse \u00e0 Abidjan Plateau, Issiaka Diaby, le pr\u00e9sident du Collectif des victimes en C\u00f4te d\u2019Ivoire (CvCi) a marqu\u00e9 son indignation suite aux informations qui annoncent un retour imminent  en C\u00f4te d\u2019Ivoire de l\u2019ex-pr\u00e9sident Laurent Gbagbo . Il   a indiqu\u00e9  que ses compagnons et lui s\u2019organisent \u00e0 leur tour pour \u00eatre pr\u00e9sents \u00e0 l\u2019accueil, si la Cour P\u00e9nale Internationale (CPI) et les autorit\u00e9s ivoiriennes devaient laisser entrer l\u2019ex-Chef d\u2019\u00c9tat.<\/strong><\/em><\/p>\n<p>\u00ab Ces derniers jours, les victimes entendent que des gens ont mis en place un comit\u00e9 de soutien et d&#8217;accueil pour organiser le retour de Monsieur Laurent Gbagbo en C\u00f4te d\u2019Ivoire, dans ce contexte o\u00f9 l&#8217;Etat de C\u00f4te d&#8217;Ivoire et la CPI n&#8217;ont donn\u00e9 de r\u00e9ponse aux victimes concernant la suite de la proc\u00e9dure et les enqu\u00eates se rapportant aux 3000 morts de la crise post-\u00e9lectorale. Monsieur Laurent Gbagbo et ses proches ont d\u00e9cid\u00e9 de prendre leur responsabilit\u00e9 pour rentrer en violation d&#8217;un certain nombre de principes. Les victimes estiment que ces agissements sont irresponsables et injurieux, constituant des actes de provocations de trop qu&#8217;elles ne peuvent accepter sans r\u00e9agir. Les victimes ont ce sentiment l\u00e9gitime qui leur fait croire que si ces personnes ont le courage d&#8217;enfreindre les interdictions pour venir en C\u00f4te d&#8217;ivoire, c&#8217;est parce que la Cour P\u00e9nale Internationale leur a donn\u00e9 l&#8217;occasion de le faire et cette fois ci, les victimes estiment que c&#8217;est trop. Nous aussi, le Collectif des Victimes en C\u00f4te d&#8217;Ivoire et ses membres, allons prendre nos responsabilit\u00e9s et nous inviter \u00e0 l&#8217;accueil de Monsieur Laurent Gbagbo \u00bb, a pr\u00e9venu Issiaka Diaby, au nom des victimes de son association dont certains \u00e9taient pr\u00e9sentes \u00e0 la c\u00e9r\u00e9monie. \u00ab Nous avons notre strat\u00e9gie que nous sommes en train de peaufiner. Des rencontres ont lieu en ce moment. Le moment venu, nous allons vous pr\u00e9senter notre comit\u00e9 d\u2019accueil de monsieur Laurent Gbagbo. Nous voulons encadrer notre participation de cet accueil, pour ma\u00eetriser un certain nombre de facteurs. Parce que, comprenez que certains victimes et parents de victimes non membres de notre association, peuvent venir agir parall\u00e8lement sans que nous puissions pr\u00e9sager des actions qu&#8217;ils peuvent mener \u00e0 cette occasion. C&#8217;est pourquoi nous allons nous rapprocher de nos membres afin de mieux coordonner les actions \u00e0 mener lors de cet accueil. Le moment venu, nous vous informerons de notre strat\u00e9gie \u00bb, a-t-il poursuivi.<\/p>\n<p><strong><br \/>\n\u00ab Nous demandons \u00e0 la Cpi de donner une suite favorable \u00e0 l&#8217;Appel pour permettre un nouveau proc\u00e8s \u00bb<\/strong><\/p>\n<p>Pour lui, ni Laurent Gbagbo, ni Charles Bl\u00e9 Goud\u00e9, ne doit \u00eatre autoris\u00e9 pas la CPI \u00e0 rentrer  en C\u00f4te d\u2019Ivoire, tant que la proc\u00e9dure n\u2019est pas achev\u00e9e. Mieux, il a appel\u00e9 m\u00eame la Chambre d\u2019appel de la CPI, dont la d\u00e9cision finale sur l\u2019acquittement est attendue au plus tard le 31 mars 2021, \u00e0 ordonner un nouveau proc\u00e8s pour, selon lui, l\u2019\u00e9clatement de la v\u00e9rit\u00e9.<\/p>\n<p>\u00ab Pour nous, la proc\u00e9dure entam\u00e9e contre Laurent Gbagbo et ses proches doit se poursuivre jusqu&#8217;\u00e0 ce que toutes les voies de recours soient \u00e9puis\u00e9es. D\u00e8s lors qu&#8217;on fait appel, il doit avoir un nouveau proc\u00e8s. Paradoxalement, cela semble ne pas \u00eatre le cas et on veut permettre \u00e0 Monsieur Laurent Gbagbo de rentrer en C\u00f4te d\u2019Ivoire, alors que la proc\u00e9dure est en cours. Par ailleurs, les victimes ont saisi les autorit\u00e9s Ivoiriennes et la CPI pour s&#8217;opposer au retour en C\u00f4te d&#8217;Ivoire de Monsieur Laurent Gbagbo et Charles Bl\u00e9 Goud\u00e9 et donn\u00e9 les raisons   fondementales  de leur d\u00e9sapprobation.  \u00c0 travers leur association, elles ont suffisamment communiqu\u00e9 sur ce sujet. Non seulement les victimes n&#8217;ont pas obtenu de r\u00e9ponse des autorit\u00e9s ivoiriennes et de la Cour P\u00e9nale Internationale mais elles sont  sid\u00e9r\u00e9es de constater dans cette affaire judiciaire que la C\u00f4te d&#8217;Ivoire s&#8217;implique pour recevoir les proches de Monsieur Laurent Gbagbo sans pour autant recevoir aussi les victimes pour des questions d\u2019\u00e9quit\u00e9 et de justice. Nous interpellons donc la Cour P\u00e9nale Internationale quant aux manquements concernant les enqu\u00eates et les proc\u00e8s qui n&#8217;ont pas eu de r\u00e9ponses et de suite. Nous avons le sentiment que non seulement les choses n&#8217;ont pas \u00e9t\u00e9 bien men\u00e9es, mais aussi nous n&#8217;avons pas de r\u00e9ponse, pas de v\u00e9rit\u00e9 et jusqu&#8217;\u00e0 pr\u00e9sent, il n&#8217;y a pas de justice en relation avec les 3000 morts de la crise post-\u00e9lectorale, et ce depuis 10 ans. Cela semble d\u00e9montrer l&#8217;incapacit\u00e9 de la Cour P\u00e9nale Internationale \u00e0 rechercher, appr\u00e9hender et punir les auteurs des crimes de masse. Nous demandons donc \u00e0 la Cour P\u00e9nale Internationale de donner une suite favorable \u00e0 l&#8217;appel pour permettre un nouveau proc\u00e8s \u00bb, a-t-il plaid\u00e9.<\/p>\n<p>Cette sortie du CvCi fait suite \u00e0 la d\u00e9signation, le mercredi 24 f\u00e9vrier 2021, par la branche du Fpi favorable \u00e0 l\u2019ex-pr\u00e9sident Laurent Gbagbo, d\u2019un comit\u00e9 national pour la pr\u00e9paration de l\u2019accueil de l\u2019ex-pr\u00e9sident. Un retour que Assoa Adou, le Secr\u00e9taire G\u00e9n\u00e9ral de cette branche du Fpi a fix\u00e9 \u00e0 la mi-mars 2021.<\/p>\n<p><strong>J-H Koffo<\/strong><\/p>\n","protected":false},"excerpt":{"rendered":"<p>Le jeudi 25 f\u00e9vrier 2021, \u00e0 l\u2019occasion d\u2019une conf\u00e9rence de presse \u00e0 Abidjan Plateau, Issiaka Diaby, le pr\u00e9sident du Collectif des victimes en C\u00f4te d\u2019Ivoire (CvCi) a marqu\u00e9 son indignation suite aux informations qui annoncent un retour imminent en C\u00f4te d\u2019Ivoire de l\u2019ex-pr\u00e9sident Laurent Gbagbo . Il a indiqu\u00e9 que ses compagnons et lui s\u2019organisent [&hellip;]<\/p>\n","protected":false},"author":3,"featured_media":25211,"comment_status":"closed","ping_status":"closed","sticky":false,"template":"","format":"standard","meta":{"_monsterinsights_skip_tracking":false,"_monsterinsights_sitenote_active":false,"_monsterinsights_sitenote_note":"","_monsterinsights_sitenote_category":0,"footnotes":""},"categories":[2,17],"tags":[77,993],"class_list":["post-25210","post","type-post","status-publish","format-standard","has-post-thumbnail","hentry","category-featured","category-politique","tag-cote-divoire","tag-retour-de-gbagbo"],"_links":{"self":[{"href":"https:\/\/www.lintelligentdabidjan.info\/news\/wp-json\/wp\/v2\/posts\/25210","targetHints":{"allow":["GET"]}}],"collection":[{"href":"https:\/\/www.lintelligentdabidjan.info\/news\/wp-json\/wp\/v2\/posts"}],"about":[{"href":"https:\/\/www.lintelligentdabidjan.info\/news\/wp-json\/wp\/v2\/types\/post"}],"author":[{"embeddable":true,"href":"https:\/\/www.lintelligentdabidjan.info\/news\/wp-json\/wp\/v2\/users\/3"}],"replies":[{"embeddable":true,"href":"https:\/\/www.lintelligentdabidjan.info\/news\/wp-json\/wp\/v2\/comments?post=25210"}],"version-history":[{"count":1,"href":"https:\/\/www.lintelligentdabidjan.info\/news\/wp-json\/wp\/v2\/posts\/25210\/revisions"}],"predecessor-version":[{"id":25212,"href":"https:\/\/www.lintelligentdabidjan.info\/news\/wp-json\/wp\/v2\/posts\/25210\/revisions\/25212"}],"wp:featuredmedia":[{"embeddable":true,"href":"https:\/\/www.lintelligentdabidjan.info\/news\/wp-json\/wp\/v2\/media\/25211"}],"wp:attachment":[{"href":"https:\/\/www.lintelligentdabidjan.info\/news\/wp-json\/wp\/v2\/media?parent=25210"}],"wp:term":[{"taxonomy":"category","embeddable":true,"href":"https:\/\/www.lintelligentdabidjan.info\/news\/wp-json\/wp\/v2\/categories?post=25210"},{"taxonomy":"post_tag","embeddable":true,"href":"https:\/\/www.lintelligentdabidjan.info\/news\/wp-json\/wp\/v2\/tags?post=25210"}],"curies":[{"name":"wp","href":"https:\/\/api.w.org\/{rel}","templated":true}]}}