{"id":25213,"date":"2021-02-26T01:05:18","date_gmt":"2021-02-26T00:05:18","guid":{"rendered":"https:\/\/www.lintelligentdabidjan.info\/news\/?p=25213"},"modified":"2021-02-26T01:05:18","modified_gmt":"2021-02-26T00:05:18","slug":"covid-19-en-milieu-scolaire-kandia-camara-lance-la-distribution-des-masques-dans-les-ecoles-ivoiriennes","status":"publish","type":"post","link":"https:\/\/www.lintelligentdabidjan.info\/news\/covid-19-en-milieu-scolaire-kandia-camara-lance-la-distribution-des-masques-dans-les-ecoles-ivoiriennes\/","title":{"rendered":"Covid-19 en milieu scolaire-  Kandia Camara lance la distribution des masques dans les \u00e9coles ivoiriennes"},"content":{"rendered":"<p><em><strong>Dans le cadre du renforcement des capacit\u00e9s des structures scolaires pour la pr\u00e9vention et le contr\u00f4le de l\u2019infection \u00e0 la Covid-19 en milieu scolaire, le ministre ivoirien de l\u2019\u00c9ducation nationale, de l\u2019Enseignement technique et de la Formation professionnelle, Kandia Camara, a officiellement lanc\u00e9 le mercredi 24 f\u00e9vrier 2021 au coll\u00e8ge moderne Sogefiha, d&#8217;Abidjan-Abobo, la distribution des masques dans les \u00e9coles, coll\u00e8ges et lyc\u00e9es du pays, en pr\u00e9sence de Marc Vincent et Jean-Marie Vianney Yameogo, respectivement repr\u00e9sentants r\u00e9sidents de l&#8217;UNICEF et de l&#8217;OMS, ainsi que de Bleu Charlemagne, pr\u00e9sident de la FIMADA.<\/strong><\/em><\/p>\n<p>Au cours de cette c\u00e9r\u00e9monie de lancement, le ministre Kandia Camara a r\u00e9ceptionn\u00e9 des masques offerts par des partenaires de l&#8217;\u00e9ducation nationale, comme l&#8217;UNICEF, l&#8217;Organisation mondiale de la sant\u00e9 (OMS),la F\u00e9d\u00e9ration Internationale de Maracana Associations(FIMADA) et les a remerci\u00e9s pour leur contribution dans la lutte contre la pand\u00e9mie \u00e0 Coronavirus en milieu scolaire. Ce sont 1,8 millions de masques offerts par l&#8217;UNICEF, 80 mille masques et 1 000 flacons de gel hydroalcoolique offerts par l\u2019OMS, ainsi que 10 mille masques par la FIMADA. Apr\u00e8s avoir r\u00e9ceptionn\u00e9 et remis ces dons \u00e0 Glas Marie-Claire, Directrice r\u00e9gionale de l&#8217;\u00e9ducation nationale(Dren) Abidjan 4, qui s&#8217;en chargera de la distribution aux \u00e9tablissements, le ministre Kandia Camara a dit : \u00ab La s\u00e9curisation de l\u2019environnement scolaire est notre obsession depuis toujours, et particuli\u00e8rement dans ce contexte o\u00f9 la maladie \u00e0 Coronavirus s\u00e9vit. Nous avons mis un point d&#8217;honneur \u00e0 pr\u00e9server l&#8217;\u00e9cole afin qu&#8217;elle ne devienne un foyer d&#8217;incubation de la pand\u00e9mie. Notre approche a \u00e9t\u00e9 constamment r\u00e9adapt\u00e9e, comme tout r\u00e9cemment face \u00e0 la recrudescence \u00e9pid\u00e9mique de la Covid-19. Conform\u00e9ment aux nouvelles directives \u00e9dit\u00e9es par le Conseil National de S\u00e9curit\u00e9 (CNS), en sa session du 21 janvier 2021, nous avons d\u00e9cid\u00e9 de renforcer les capacit\u00e9s des structures scolaires pour la Pr\u00e9vention et le Contr\u00f4le de l\u2019Infection \u00e0 la Covid-19. Plus que vos charges \u00e0 la t\u00eate de vos organisations, nous trouvons la source de votre engagement dans l\u2019humanisme qui caract\u00e9rise chacun de vous. Si nous sommes parvenus \u00e0 limiter les d\u00e9g\u00e2ts et \u00e0 assurer le droit inali\u00e9nable de nos enfants \u00e0 l\u2019\u00e9ducation, nous le devons \u00e0 votre sollicitude inlassable\u00bb. Au nom des structures donatrices susmentionn\u00e9es, le repr\u00e9sentant-r\u00e9sident de l&#8217;UNICEF, Marc Vincent, a donn\u00e9 les raisons de ces dons, puis de r\u00e9it\u00e9rer son soutien au ministre Kandia Camara dans la lutte contre la Covid-19 en milieu scolaire. Selon l&#8217;OMS, le syst\u00e8me \u00e9ducatif ivoirien enregistre d\u00e9j\u00e0 8% des cas confirm\u00e9s de Covid-19 depuis le d\u00e9but de la pand\u00e9mie.<\/p>\n<p><strong>MO avec KN<\/strong><\/p>\n","protected":false},"excerpt":{"rendered":"<p>Dans le cadre du renforcement des capacit\u00e9s des structures scolaires pour la pr\u00e9vention et le contr\u00f4le de l\u2019infection \u00e0 la Covid-19 en milieu scolaire, le ministre ivoirien de l\u2019\u00c9ducation nationale, de l\u2019Enseignement technique et de la Formation professionnelle, Kandia Camara, a officiellement lanc\u00e9 le mercredi 24 f\u00e9vrier 2021 au coll\u00e8ge moderne Sogefiha, d&#8217;Abidjan-Abobo, la distribution [&hellip;]<\/p>\n","protected":false},"author":3,"featured_media":25214,"comment_status":"closed","ping_status":"closed","sticky":false,"template":"","format":"standard","meta":{"_monsterinsights_skip_tracking":false,"_monsterinsights_sitenote_active":false,"_monsterinsights_sitenote_note":"","_monsterinsights_sitenote_category":0,"footnotes":""},"categories":[2,3],"tags":[538,336,994],"class_list":["post-25213","post","type-post","status-publish","format-standard","has-post-thumbnail","hentry","category-featured","category-societe","tag-covid-19","tag-kandia-camara","tag-milieu-scolaire"],"_links":{"self":[{"href":"https:\/\/www.lintelligentdabidjan.info\/news\/wp-json\/wp\/v2\/posts\/25213","targetHints":{"allow":["GET"]}}],"collection":[{"href":"https:\/\/www.lintelligentdabidjan.info\/news\/wp-json\/wp\/v2\/posts"}],"about":[{"href":"https:\/\/www.lintelligentdabidjan.info\/news\/wp-json\/wp\/v2\/types\/post"}],"author":[{"embeddable":true,"href":"https:\/\/www.lintelligentdabidjan.info\/news\/wp-json\/wp\/v2\/users\/3"}],"replies":[{"embeddable":true,"href":"https:\/\/www.lintelligentdabidjan.info\/news\/wp-json\/wp\/v2\/comments?post=25213"}],"version-history":[{"count":1,"href":"https:\/\/www.lintelligentdabidjan.info\/news\/wp-json\/wp\/v2\/posts\/25213\/revisions"}],"predecessor-version":[{"id":25215,"href":"https:\/\/www.lintelligentdabidjan.info\/news\/wp-json\/wp\/v2\/posts\/25213\/revisions\/25215"}],"wp:featuredmedia":[{"embeddable":true,"href":"https:\/\/www.lintelligentdabidjan.info\/news\/wp-json\/wp\/v2\/media\/25214"}],"wp:attachment":[{"href":"https:\/\/www.lintelligentdabidjan.info\/news\/wp-json\/wp\/v2\/media?parent=25213"}],"wp:term":[{"taxonomy":"category","embeddable":true,"href":"https:\/\/www.lintelligentdabidjan.info\/news\/wp-json\/wp\/v2\/categories?post=25213"},{"taxonomy":"post_tag","embeddable":true,"href":"https:\/\/www.lintelligentdabidjan.info\/news\/wp-json\/wp\/v2\/tags?post=25213"}],"curies":[{"name":"wp","href":"https:\/\/api.w.org\/{rel}","templated":true}]}}