{"id":2522,"date":"2017-01-28T15:12:16","date_gmt":"2017-01-28T14:12:16","guid":{"rendered":"http:\/\/www.lintelligentdabidjan.info\/news\/?p=2522"},"modified":"2017-01-28T15:12:16","modified_gmt":"2017-01-28T14:12:16","slug":"eradication-de-la-torture-lomct-et-le-midh-demandent-le-soutien-de-la-societe-civile","status":"publish","type":"post","link":"https:\/\/www.lintelligentdabidjan.info\/news\/eradication-de-la-torture-lomct-et-le-midh-demandent-le-soutien-de-la-societe-civile\/","title":{"rendered":"Eradication de la torture : L\u2019OMCT et le MIDH demandent le soutien de la soci\u00e9t\u00e9 civile"},"content":{"rendered":"<p>Le Mouvement Ivoirien des Droits Humains (MIDH) sis \u00e0 Cocody II Plateaux, et l\u2019Organisation Mondiale Contre la Torture (OMCT) ont tenu une conf\u00e9rence de presse le jeudi 26 janvier 2017, au si\u00e8ge du MIDH. <!--more--><\/p>\n<p>Cela, dans le but d\u2019inciter le gouvernement ivoirien \u00e0 se conformer aux normes de la convention contre la torture.<br \/>\nLors de cette rencontre avec la presse, le vice-pr\u00e9sident de l\u2019Organisation Mondiale Contre la Torture (OMCT),  Mokhtar Trifi, a pr\u00e9cis\u00e9 l\u2019id\u00e9e selon laquelle la C\u00f4te d\u2019Ivoire, \u00e0 travers la loi no2015-134 du 9 mars 2015 modifiant et compl\u00e9tant  la loi no 81 du 31 juillet 1981 instituant le code p\u00e9nal ne d\u00e9finit explicitement pas la torture ni ne  la criminalise. Ainsi,  faute d\u2019incrimination, les auteurs de ces actes, m\u00eame identifi\u00e9s, ne sont encore nullement poursuivis pour faits de torture, favorisant ainsi l\u2019impunit\u00e9. Les victimes, dans ce cas, n\u2019ont pas encore obtenu justice ni un d\u00e9but de r\u00e9paration, conform\u00e9ment \u00e0 l\u2019article 14 de la convention contre la torture. Poursuivant, Mokhtar Trifi a relev\u00e9 que la C\u00f4te d\u2019Ivoire n\u2019a pas fait la d\u00e9claration reconnaissant la comp\u00e9tence du Comit\u00e9 Contre la Torture (CAT), pour examiner les plaintes de particulier comme le recommande l\u2019article 22 de la convention. Les victimes de torture se trouvent donc, selon lui, sans recours. Fort de cela, l\u2019OMCT et le MIDH, demandent un soutien \u2018\u2019fort\u2019\u2019 de la soci\u00e9t\u00e9 civile afin d\u2019\u00e9radiquer la torture.  A l\u2019Etat de C\u00f4te d\u2019Ivoire, ils lui recommandent de prendre des dispositions qui sont entre autres, la r\u00e9vision du code p\u00e9nal et celui de la proc\u00e9dure p\u00e9nale dans le but de d\u00e9finir, de criminaliser et de prohiber la torture et les autres peines. La poursuite de toutes les personnes coupables d\u2019actes de torture et autres peines. Il demande \u00e9galement \u00e0 l\u2019Etat de faire la d\u00e9claration au titre de l\u2019article 22 de la convention afin de permettre aux Ivoiriens de pr\u00e9senter une plainte individuelle sous forme de communication devant le Comit\u00e9 contre la torture. L\u2019Etat doit aussi pr\u00e9senter son premier rapport sur l\u2019application de cette convention et ratifier le protocole facultatif contre la torture. Cela permettra selon  le vice-pr\u00e9sident de l\u2019Organisation Mondiale Contre la Torture, d\u2019assurer les droits humains tout en maintenant la coh\u00e9sion sociale. Car, il ne peut y avoir de coh\u00e9sion sans justice.<br \/>\nOD avec AS<\/p>\n","protected":false},"excerpt":{"rendered":"<p>Le Mouvement Ivoirien des Droits Humains (MIDH) sis \u00e0 Cocody II Plateaux, et l\u2019Organisation Mondiale Contre la Torture (OMCT) ont tenu une conf\u00e9rence de presse le jeudi 26 janvier 2017, au si\u00e8ge du MIDH.<\/p>\n","protected":false},"author":2,"featured_media":0,"comment_status":"closed","ping_status":"closed","sticky":false,"template":"","format":"standard","meta":{"_monsterinsights_skip_tracking":false,"_monsterinsights_sitenote_active":false,"_monsterinsights_sitenote_note":"","_monsterinsights_sitenote_category":0,"footnotes":""},"categories":[3],"tags":[],"class_list":["post-2522","post","type-post","status-publish","format-standard","hentry","category-societe"],"_links":{"self":[{"href":"https:\/\/www.lintelligentdabidjan.info\/news\/wp-json\/wp\/v2\/posts\/2522","targetHints":{"allow":["GET"]}}],"collection":[{"href":"https:\/\/www.lintelligentdabidjan.info\/news\/wp-json\/wp\/v2\/posts"}],"about":[{"href":"https:\/\/www.lintelligentdabidjan.info\/news\/wp-json\/wp\/v2\/types\/post"}],"author":[{"embeddable":true,"href":"https:\/\/www.lintelligentdabidjan.info\/news\/wp-json\/wp\/v2\/users\/2"}],"replies":[{"embeddable":true,"href":"https:\/\/www.lintelligentdabidjan.info\/news\/wp-json\/wp\/v2\/comments?post=2522"}],"version-history":[{"count":1,"href":"https:\/\/www.lintelligentdabidjan.info\/news\/wp-json\/wp\/v2\/posts\/2522\/revisions"}],"predecessor-version":[{"id":2523,"href":"https:\/\/www.lintelligentdabidjan.info\/news\/wp-json\/wp\/v2\/posts\/2522\/revisions\/2523"}],"wp:attachment":[{"href":"https:\/\/www.lintelligentdabidjan.info\/news\/wp-json\/wp\/v2\/media?parent=2522"}],"wp:term":[{"taxonomy":"category","embeddable":true,"href":"https:\/\/www.lintelligentdabidjan.info\/news\/wp-json\/wp\/v2\/categories?post=2522"},{"taxonomy":"post_tag","embeddable":true,"href":"https:\/\/www.lintelligentdabidjan.info\/news\/wp-json\/wp\/v2\/tags?post=2522"}],"curies":[{"name":"wp","href":"https:\/\/api.w.org\/{rel}","templated":true}]}}