{"id":25252,"date":"2021-03-02T14:45:47","date_gmt":"2021-03-02T13:45:47","guid":{"rendered":"https:\/\/www.lintelligentdabidjan.info\/news\/?p=25252"},"modified":"2021-03-02T14:54:58","modified_gmt":"2021-03-02T13:54:58","slug":"cote-divoire-appel-du-president-du-senat-ahoussou-pour-des-legislatives-2021-apaises","status":"publish","type":"post","link":"https:\/\/www.lintelligentdabidjan.info\/news\/cote-divoire-appel-du-president-du-senat-ahoussou-pour-des-legislatives-2021-apaises\/","title":{"rendered":"C\u00f4te d\u2019Ivoire : appel du Pr\u00e9sident du s\u00e9nat Ahoussou pour des l\u00e9gislatives 2021 apais\u00e9s"},"content":{"rendered":"<p><em><strong>Le pr\u00e9sident du S\u00e9nat, <a href=\"https:\/\/aip.ci\/cote-divoire-aip-le-president-du-senat-appelle-les-populations-du-grand-centre-a-lapaisement-et-a-la-retenue\/\" target=\"_blank\">Jeannot Ahoussou<\/a>-Kouadio lance un appel \u00e0 la population et aux acteurs politiques pour une campagne et un vote apais\u00e9s \u00e0 l&#8217;occasion des \u00e9lections l\u00e9gislatives du 6 mars 2021 dans le communiqu\u00e9 ci-dessous.<\/strong><\/em><\/p>\n<p>La date du 06 mars 2021 sera charg\u00e9e de symboles pour moi car elle co\u00efncide avec le jour anniversaire de ma naissance et le jour du vote des repr\u00e9sentants du peuple \u00e0 l&#8217;Assembl\u00e9e nationale.<\/p>\n<p>La C\u00f4te d&#8217;Ivoire entame ainsi un mois de mars 2021 particulier pour sa d\u00e9mocratie.<\/p>\n<p>En effet, depuis les \u00e9lections l\u00e9gislatives inclusives de 1995 c\u2019est la premi\u00e8re fois que tous les partis politiques, sans exclusive, prennent part \u00e0 l&#8217;\u00e9lection des d\u00e9put\u00e9s.<\/p>\n<p>Il convient de rappeler que le parlement est le cadre institutionnel des d\u00e9bats d&#8217;id\u00e9es et de la contradiction sur des sujets d&#8217;int\u00e9r\u00eats communs.<\/p>\n<p>Le renouveau de notre d\u00e9mocratie doit \u00eatre accompagn\u00e9 par le peuple appel\u00e9 \u00e0 se rendre massivement aux urnes pour \u00e9lire ses repr\u00e9sentants \u00e0 <a href=\"https:\/\/www.lintelligentdabidjan.info\/news\/adoption-de-la-revision-de-la-constitution-par-le-senat-le-president-ahoussou-le-seul-lieu-de-debat-democratique-cest-le-parlement\/\" target=\"_blank\">l&#8217;Assembl\u00e9e nationale<\/a>.<\/p>\n<p>Je voudrais alors inviter tous nos concitoyens, candidats et \u00e9lecteurs, \u00e0 une campagne et un vote apais\u00e9s, pour faire triompher la d\u00e9mocratie dans notre pays.<\/p>\n<p>Aux candidats du RHDP, je souhaite plein succ\u00e8s pour garantir une stabilit\u00e9 institutionnelle \u00e0 travers un Parlement homog\u00e8ne, afin de permettre au Pr\u00e9sident de la R\u00e9publique, Son Excellence Alassane Ouattara, de poursuivre son vaste chantier de construction de la C\u00f4te d\u2019Ivoire moderne et paisible pour le bonheur des ivoiriens.<\/p>\n<p><strong>Jeannot Ahoussou-Kouadio<br \/>\nPr\u00e9sident du S\u00e9nat<\/strong><\/p>\n","protected":false},"excerpt":{"rendered":"<p>Le pr\u00e9sident du S\u00e9nat, Jeannot Ahoussou-Kouadio lance un appel \u00e0 la population et aux acteurs politiques pour une campagne et un vote apais\u00e9s \u00e0 l&#8217;occasion des \u00e9lections l\u00e9gislatives du 6 mars 2021 dans le communiqu\u00e9 ci-dessous. La date du 06 mars 2021 sera charg\u00e9e de symboles pour moi car elle co\u00efncide avec le jour anniversaire [&hellip;]<\/p>\n","protected":false},"author":3,"featured_media":25253,"comment_status":"closed","ping_status":"closed","sticky":false,"template":"","format":"standard","meta":{"_monsterinsights_skip_tracking":false,"_monsterinsights_sitenote_active":false,"_monsterinsights_sitenote_note":"","_monsterinsights_sitenote_category":0,"footnotes":""},"categories":[2,17],"tags":[77,813,1006],"class_list":["post-25252","post","type-post","status-publish","format-standard","has-post-thumbnail","hentry","category-featured","category-politique","tag-cote-divoire","tag-legislatives-2021","tag-president-du-senat-ahoussou"],"_links":{"self":[{"href":"https:\/\/www.lintelligentdabidjan.info\/news\/wp-json\/wp\/v2\/posts\/25252","targetHints":{"allow":["GET"]}}],"collection":[{"href":"https:\/\/www.lintelligentdabidjan.info\/news\/wp-json\/wp\/v2\/posts"}],"about":[{"href":"https:\/\/www.lintelligentdabidjan.info\/news\/wp-json\/wp\/v2\/types\/post"}],"author":[{"embeddable":true,"href":"https:\/\/www.lintelligentdabidjan.info\/news\/wp-json\/wp\/v2\/users\/3"}],"replies":[{"embeddable":true,"href":"https:\/\/www.lintelligentdabidjan.info\/news\/wp-json\/wp\/v2\/comments?post=25252"}],"version-history":[{"count":3,"href":"https:\/\/www.lintelligentdabidjan.info\/news\/wp-json\/wp\/v2\/posts\/25252\/revisions"}],"predecessor-version":[{"id":25256,"href":"https:\/\/www.lintelligentdabidjan.info\/news\/wp-json\/wp\/v2\/posts\/25252\/revisions\/25256"}],"wp:featuredmedia":[{"embeddable":true,"href":"https:\/\/www.lintelligentdabidjan.info\/news\/wp-json\/wp\/v2\/media\/25253"}],"wp:attachment":[{"href":"https:\/\/www.lintelligentdabidjan.info\/news\/wp-json\/wp\/v2\/media?parent=25252"}],"wp:term":[{"taxonomy":"category","embeddable":true,"href":"https:\/\/www.lintelligentdabidjan.info\/news\/wp-json\/wp\/v2\/categories?post=25252"},{"taxonomy":"post_tag","embeddable":true,"href":"https:\/\/www.lintelligentdabidjan.info\/news\/wp-json\/wp\/v2\/tags?post=25252"}],"curies":[{"name":"wp","href":"https:\/\/api.w.org\/{rel}","templated":true}]}}