{"id":25280,"date":"2021-03-03T11:17:56","date_gmt":"2021-03-03T10:17:56","guid":{"rendered":"https:\/\/www.lintelligentdabidjan.info\/news\/?p=25280"},"modified":"2021-03-03T11:30:01","modified_gmt":"2021-03-03T10:30:01","slug":"lundi-8-mars-la-journee-internationale-de-la-femme-en-cote-divoire","status":"publish","type":"post","link":"https:\/\/www.lintelligentdabidjan.info\/news\/lundi-8-mars-la-journee-internationale-de-la-femme-en-cote-divoire\/","title":{"rendered":"Lundi 8 mars : la journ\u00e9e Internationale de la Femme en C\u00f4te d\u2019Ivoire."},"content":{"rendered":"<p><em><strong>Depuis 1977, l\u2019Assembl\u00e9e g\u00e9n\u00e9rale des Nations Unies a institu\u00e9 la Journ\u00e9e Internationale de la Femme (JIF). Cet \u00e9v\u00e9nement est d\u00e9di\u00e9 \u00e0 la promotion des droits de la femme.<\/strong><\/em><\/p>\n<p>C\u00e9l\u00e9br\u00e9e <a href=\"https:\/\/www.lintelligentdabidjan.info\/news\/celebration-de-la-journee-internationale-de-la-femme-par-la-federation-des-associations-du-worodougou-en-france-euphrasie-kouassi-yao-prone-lunite-et-lentente\/\" target=\"_blank\">le 8 mars<\/a> \u00e0 travers le monde, cette journ\u00e9e offre aux \u00c9tats, l\u2019opportunit\u00e9 de faire un point sur la situation de l\u2019\u00e9galit\u00e9 homme\/femme. Dans chaque \u00e9dition les femmes s\u2019approprient avec enthousiasme des probl\u00e9matiques de repr\u00e9sentativit\u00e9. Les femmes aujourd\u2019hui sont plurielles et singuli\u00e8res \u00e0 la fois mais surtout d\u00e9cid\u00e9es plus que jamais \u00e0 relever le d\u00e9fi d\u2019acc\u00e8s aux responsabilit\u00e9s dans tous les domaines socio-\u00e9conomiques.<\/p>\n<p>Cette journ\u00e9e du 8 mars 2021 sera domin\u00e9e par la situation de la pand\u00e9mie de la COVID-19. Le th\u00e8me retenu portera sur \u00ab le leadership f\u00e9minin : pour un futur \u00e9galitaire dans le monde de la COVID19 \u00bb.<\/p>\n<p>En C\u00f4te d\u2019Ivoire, le minist\u00e8re de la femme, de la famille et de l\u2019enfant a choisi comme th\u00e8me national la \u00ab Promotion \u00e9conomique et sociale de la femme face \u00e0 la COVID-19 pour une C\u00f4te d\u2019Ivoire plus \u00e9galitaire \u00bb.<\/p>\n<p>Malgr\u00e9 la diversit\u00e9 ethnique, religieuse et culturelle ; malgr\u00e9 les difficult\u00e9s associ\u00e9es \u00e0 la COVID-19 les femmes ivoiriennes sont invit\u00e9es \u00e0 affirmer leur lien essentiel entre les g\u00e9n\u00e9rations et \u00e0 conserver leur optimisme pour l\u2019avenir. Des \u00e9missions \u00e0 la radio et \u00e0 la t\u00e9l\u00e9vision vont couvrir cette journ\u00e9e merveilleuse o\u00f9 les femmes seront \u00e0 l\u2019honneur.<\/p>\n<p>A noter que le 17 janvier dernier, au cours du lancement officiel de la <a href=\"https:\/\/www.un.org\/fr\/observances\/womens-day\/background\" target=\"_blank\">JIF<\/a>, au palais de la culture de Treichville, le choix s\u2019est port\u00e9 sur un pagne avec un imprim\u00e9 de deux demi-croissants lunaires sur un fond color\u00e9. Ce pagne va symboliser cette journ\u00e9e et toutes les femmes ivoiriennes sont invit\u00e9es \u00e0 le rev\u00eatir.<\/p>\n<p>Et comme on dit ici \u00ab Elle est Kpata* la femme ivoirienne avec son pagne ! \u00bb mais elle est surtout libre d\u2019entreprendre !<\/p>\n<p><strong><br \/>\n<\/strong>*Belle<\/p>\n<p>&nbsp;<br \/>\n<strong>Constantine Ndoko<\/strong><\/p>\n","protected":false},"excerpt":{"rendered":"<p>Depuis 1977, l\u2019Assembl\u00e9e g\u00e9n\u00e9rale des Nations Unies a institu\u00e9 la Journ\u00e9e Internationale de la Femme (JIF). Cet \u00e9v\u00e9nement est d\u00e9di\u00e9 \u00e0 la promotion des droits de la femme. C\u00e9l\u00e9br\u00e9e le 8 mars \u00e0 travers le monde, cette journ\u00e9e offre aux \u00c9tats, l\u2019opportunit\u00e9 de faire un point sur la situation de l\u2019\u00e9galit\u00e9 homme\/femme. Dans chaque \u00e9dition [&hellip;]<\/p>\n","protected":false},"author":3,"featured_media":25281,"comment_status":"closed","ping_status":"closed","sticky":false,"template":"","format":"standard","meta":{"_monsterinsights_skip_tracking":false,"_monsterinsights_sitenote_active":false,"_monsterinsights_sitenote_note":"","_monsterinsights_sitenote_category":0,"footnotes":""},"categories":[2,20],"tags":[1021,77,1022],"class_list":["post-25280","post","type-post","status-publish","format-standard","has-post-thumbnail","hentry","category-featured","category-art-et-culture","tag-8-mars","tag-cote-divoire","tag-journee-internationale-de-la-femme"],"_links":{"self":[{"href":"https:\/\/www.lintelligentdabidjan.info\/news\/wp-json\/wp\/v2\/posts\/25280","targetHints":{"allow":["GET"]}}],"collection":[{"href":"https:\/\/www.lintelligentdabidjan.info\/news\/wp-json\/wp\/v2\/posts"}],"about":[{"href":"https:\/\/www.lintelligentdabidjan.info\/news\/wp-json\/wp\/v2\/types\/post"}],"author":[{"embeddable":true,"href":"https:\/\/www.lintelligentdabidjan.info\/news\/wp-json\/wp\/v2\/users\/3"}],"replies":[{"embeddable":true,"href":"https:\/\/www.lintelligentdabidjan.info\/news\/wp-json\/wp\/v2\/comments?post=25280"}],"version-history":[{"count":3,"href":"https:\/\/www.lintelligentdabidjan.info\/news\/wp-json\/wp\/v2\/posts\/25280\/revisions"}],"predecessor-version":[{"id":25284,"href":"https:\/\/www.lintelligentdabidjan.info\/news\/wp-json\/wp\/v2\/posts\/25280\/revisions\/25284"}],"wp:featuredmedia":[{"embeddable":true,"href":"https:\/\/www.lintelligentdabidjan.info\/news\/wp-json\/wp\/v2\/media\/25281"}],"wp:attachment":[{"href":"https:\/\/www.lintelligentdabidjan.info\/news\/wp-json\/wp\/v2\/media?parent=25280"}],"wp:term":[{"taxonomy":"category","embeddable":true,"href":"https:\/\/www.lintelligentdabidjan.info\/news\/wp-json\/wp\/v2\/categories?post=25280"},{"taxonomy":"post_tag","embeddable":true,"href":"https:\/\/www.lintelligentdabidjan.info\/news\/wp-json\/wp\/v2\/tags?post=25280"}],"curies":[{"name":"wp","href":"https:\/\/api.w.org\/{rel}","templated":true}]}}