{"id":25317,"date":"2021-03-06T22:21:48","date_gmt":"2021-03-06T21:21:48","guid":{"rendered":"https:\/\/www.lintelligentdabidjan.info\/news\/?p=25317"},"modified":"2021-03-06T23:25:43","modified_gmt":"2021-03-06T22:25:43","slug":"legislatives-2021-ouattara-cest-la-vraie-premiere-election-pluraliste-depuis-20ans-en-cote-divoire","status":"publish","type":"post","link":"https:\/\/www.lintelligentdabidjan.info\/news\/legislatives-2021-ouattara-cest-la-vraie-premiere-election-pluraliste-depuis-20ans-en-cote-divoire\/","title":{"rendered":"L\u00e9gislatives 2021-Ouattara : \u00ab c\u2019est la vraie premi\u00e8re \u00e9lection pluraliste depuis 20ans en C\u00f4te d\u2019Ivoire \u00bb"},"content":{"rendered":"<p><em><strong>\u00ab C&#8217;est la vraie premi\u00e8re \u00e9lection pluraliste depuis 20ans \u00bb,estime le Pr\u00e9sident de la R\u00e9publique Alassane Ouattara apr\u00e8s avoir  accompli son devoir civique dans le cadre des \u00e9lections l\u00e9gislatives le samedi 6 mars 2021 au lyc\u00e9e Sainte Marie de Cocody, en compagnie de la Premi\u00e8re dame Dominique Ouattara.  <\/strong><\/em><\/p>\n<p>\u00ab Comme vous pouvez le constater je viens de voter pour les \u00e9lections l\u00e9gislatives ici \u00e0 Cocody au lyc\u00e9e Sainte Marie. Je me r\u00e9jouis de l&#8217;avoir fait.  C\u2019est un devoir citoyen, et j&#8217;encourage tous nos concitoyens \u00e0 le faire d&#8217;autant plus que c&#8217;est la vraie premi\u00e8re \u00e9lection pluraliste depuis 20 ans parce que de 2000 \u00e0 2010, le Rdr n&#8217;avait pas pu participer aux \u00e9lections l\u00e9gislatives. Et de 2010 \u00e0 2020 le Fpi avec son membre fondateur n&#8217;avait pas voulu participer au scrutin. Le fait que tous les partis significatifs participent \u00e0 ce scrutin est une \u00e9volution qui confirme l&#8217;\u00e9lan de la construction  d\u00e9mocratique dans notre pays. <\/p>\n<p>Je voudrais ajouter que la campagne a \u00e9t\u00e9 apais\u00e9e et je m&#8217;en r\u00e9jouis ; c&#8217;est ce que j&#8217;ai toujours voulu. Je souhaite  que les \u00e9pisodes malheureux  de 2020 et de 2010 des deux \u00e9lections pr\u00e9sidentielles soient d\u00e9finitivement derri\u00e8re nous, et que les ivoiriens puissent choisir \u00e0 compter de maintenant en toute qui\u00e9tude et dans la paix leurs repr\u00e9sentants. Que ce soit pour le pouvoir supr\u00eame, pour l&#8217;ex\u00e9cutif, les l\u00e9gislatives et bien \u00e9videmment les \u00e9lections locales avec les mairies et les \u00e9lections  des conseils r\u00e9gionaux . Moi je suis tr\u00e8s fier  de cette \u00e9volution au cours des dix derni\u00e8res ann\u00e9es, je souhaite que cela puisse se poursuivre, je voudrais donc f\u00e9liciter tous nos concitoyens, f\u00e9liciter tous les partis politiques, leurs militants et directions .  Bien s\u00fbr, bien  qu&#8217;\u00e9tant le pr\u00e9sident de tous  les ivoiriens je f\u00e9licite \u00e9galement le RHDP pour sa mobilisation \u00e0 l&#8217;occasion de ces \u00e9lections. La journ\u00e9e ne fait que commencer, il nous reste encore quelques heures de vote. Je souhaite que la journ\u00e9e soit apais\u00e9e ainsi que le d\u00e9pouillement \u00bb, a d\u00e9clar\u00e9 le chef de l\u2019\u00c9tat. <\/p>\n<p><strong>Abdoulaye Tour\u00e9 <\/strong><\/p>\n","protected":false},"excerpt":{"rendered":"<p>\u00ab C&#8217;est la vraie premi\u00e8re \u00e9lection pluraliste depuis 20ans \u00bb,estime le Pr\u00e9sident de la R\u00e9publique Alassane Ouattara apr\u00e8s avoir accompli son devoir civique dans le cadre des \u00e9lections l\u00e9gislatives le samedi 6 mars 2021 au lyc\u00e9e Sainte Marie de Cocody, en compagnie de la Premi\u00e8re dame Dominique Ouattara. \u00ab Comme vous pouvez le constater je [&hellip;]<\/p>\n","protected":false},"author":3,"featured_media":25322,"comment_status":"closed","ping_status":"closed","sticky":false,"template":"","format":"standard","meta":{"_monsterinsights_skip_tracking":false,"_monsterinsights_sitenote_active":false,"_monsterinsights_sitenote_note":"","_monsterinsights_sitenote_category":0,"footnotes":""},"categories":[2,17],"tags":[77,1041,813,34],"class_list":["post-25317","post","type-post","status-publish","format-standard","has-post-thumbnail","hentry","category-featured","category-politique","tag-cote-divoire","tag-election-pluraliste","tag-legislatives-2021","tag-ouattara"],"_links":{"self":[{"href":"https:\/\/www.lintelligentdabidjan.info\/news\/wp-json\/wp\/v2\/posts\/25317","targetHints":{"allow":["GET"]}}],"collection":[{"href":"https:\/\/www.lintelligentdabidjan.info\/news\/wp-json\/wp\/v2\/posts"}],"about":[{"href":"https:\/\/www.lintelligentdabidjan.info\/news\/wp-json\/wp\/v2\/types\/post"}],"author":[{"embeddable":true,"href":"https:\/\/www.lintelligentdabidjan.info\/news\/wp-json\/wp\/v2\/users\/3"}],"replies":[{"embeddable":true,"href":"https:\/\/www.lintelligentdabidjan.info\/news\/wp-json\/wp\/v2\/comments?post=25317"}],"version-history":[{"count":1,"href":"https:\/\/www.lintelligentdabidjan.info\/news\/wp-json\/wp\/v2\/posts\/25317\/revisions"}],"predecessor-version":[{"id":25318,"href":"https:\/\/www.lintelligentdabidjan.info\/news\/wp-json\/wp\/v2\/posts\/25317\/revisions\/25318"}],"wp:featuredmedia":[{"embeddable":true,"href":"https:\/\/www.lintelligentdabidjan.info\/news\/wp-json\/wp\/v2\/media\/25322"}],"wp:attachment":[{"href":"https:\/\/www.lintelligentdabidjan.info\/news\/wp-json\/wp\/v2\/media?parent=25317"}],"wp:term":[{"taxonomy":"category","embeddable":true,"href":"https:\/\/www.lintelligentdabidjan.info\/news\/wp-json\/wp\/v2\/categories?post=25317"},{"taxonomy":"post_tag","embeddable":true,"href":"https:\/\/www.lintelligentdabidjan.info\/news\/wp-json\/wp\/v2\/tags?post=25317"}],"curies":[{"name":"wp","href":"https:\/\/api.w.org\/{rel}","templated":true}]}}