{"id":25323,"date":"2021-03-06T22:36:14","date_gmt":"2021-03-06T21:36:14","guid":{"rendered":"https:\/\/www.lintelligentdabidjan.info\/news\/?p=25323"},"modified":"2021-03-06T23:21:53","modified_gmt":"2021-03-06T22:21:53","slug":"covid-19-la-saint-valentin-fait-rebondir-les-contaminations-en-cote-divoire","status":"publish","type":"post","link":"https:\/\/www.lintelligentdabidjan.info\/news\/covid-19-la-saint-valentin-fait-rebondir-les-contaminations-en-cote-divoire\/","title":{"rendered":"Covid 19 : la Saint Valentin fait rebondir les contaminations en C\u00f4te d\u2019Ivoire"},"content":{"rendered":"<p><em><strong>Selon le chef de l\u2019\u00c9tat ivoirien, Alassane Ouattara qui citait des donn\u00e9es du comit\u00e9 de veille sur la question, le rel\u00e2chement dans le suivi des mesures barri\u00e8res durant la p\u00e9riode de la saint Valentin, est \u00e0 l\u2019origine d\u2019une remont\u00e9e des cas de Covid 19 en C\u00f4te d\u2019Ivoire.<\/strong><\/em><\/p>\n<p>Ayant constat\u00e9 le samedi 6 mars 2021 apr\u00e8s accompli son devoir civique aux l\u00e9gislatives au lyc\u00e9e Sainte Marie de Cocody,  que des journalistes n\u2019avaient pas port\u00e9 de masques pour certains, ou l\u2019avaient baiss\u00e9 pour d\u2019autres,  le pr\u00e9sident de la R\u00e9publique Alassane Ouattara a profit\u00e9 pour sensibilise.<\/p>\n<p>Alassane Ouattara a insist\u00e9 sur la n\u00e9cessit\u00e9 de porter le masque pour contrer la Covid 19. Selon lui, la nouvelle flamb\u00e9e de cette pand\u00e9mie est li\u00e9e  au non respect des mesures barri\u00e8res pendant la  Saint valentin. <\/p>\n<p>\u00ab Je vous demande de porter le masque. Les choses s\u2019\u00e9taient bien d\u00e9velopp\u00e9es jusque l\u00e0.  Il y a 3 ou 4 jours on avait  des taux de contagion en dessous de 5%, ce qui \u00e9tait exceptionnel. Le comit\u00e9 de veille et de pilotage scientifique me dit qu&#8217;\u00e0 cause de la Saint Valentin, les choses ont rebondi depuis 2 jours. Donc je souhaite que les jeunes,  vous soyez prudents en vous prot\u00e9geant et en prot\u00e9geant vos proches et vos parents . Nous souhaitons tous   f\u00eater la Saint Valentin l\u2019ann\u00e9e prochaine de mani\u00e8re libre et sans restriction \u00bb, a dit le Pr\u00e9sident de la R\u00e9publique.<\/p>\n<p><strong>T.A.B <\/strong><\/p>\n","protected":false},"excerpt":{"rendered":"<p>Selon le chef de l\u2019\u00c9tat ivoirien, Alassane Ouattara qui citait des donn\u00e9es du comit\u00e9 de veille sur la question, le rel\u00e2chement dans le suivi des mesures barri\u00e8res durant la p\u00e9riode de la saint Valentin, est \u00e0 l\u2019origine d\u2019une remont\u00e9e des cas de Covid 19 en C\u00f4te d\u2019Ivoire. Ayant constat\u00e9 le samedi 6 mars 2021 apr\u00e8s [&hellip;]<\/p>\n","protected":false},"author":3,"featured_media":25339,"comment_status":"closed","ping_status":"closed","sticky":false,"template":"","format":"standard","meta":{"_monsterinsights_skip_tracking":false,"_monsterinsights_sitenote_active":false,"_monsterinsights_sitenote_note":"","_monsterinsights_sitenote_category":0,"footnotes":""},"categories":[2,3],"tags":[77,538],"class_list":["post-25323","post","type-post","status-publish","format-standard","has-post-thumbnail","hentry","category-featured","category-societe","tag-cote-divoire","tag-covid-19"],"_links":{"self":[{"href":"https:\/\/www.lintelligentdabidjan.info\/news\/wp-json\/wp\/v2\/posts\/25323","targetHints":{"allow":["GET"]}}],"collection":[{"href":"https:\/\/www.lintelligentdabidjan.info\/news\/wp-json\/wp\/v2\/posts"}],"about":[{"href":"https:\/\/www.lintelligentdabidjan.info\/news\/wp-json\/wp\/v2\/types\/post"}],"author":[{"embeddable":true,"href":"https:\/\/www.lintelligentdabidjan.info\/news\/wp-json\/wp\/v2\/users\/3"}],"replies":[{"embeddable":true,"href":"https:\/\/www.lintelligentdabidjan.info\/news\/wp-json\/wp\/v2\/comments?post=25323"}],"version-history":[{"count":1,"href":"https:\/\/www.lintelligentdabidjan.info\/news\/wp-json\/wp\/v2\/posts\/25323\/revisions"}],"predecessor-version":[{"id":25325,"href":"https:\/\/www.lintelligentdabidjan.info\/news\/wp-json\/wp\/v2\/posts\/25323\/revisions\/25325"}],"wp:featuredmedia":[{"embeddable":true,"href":"https:\/\/www.lintelligentdabidjan.info\/news\/wp-json\/wp\/v2\/media\/25339"}],"wp:attachment":[{"href":"https:\/\/www.lintelligentdabidjan.info\/news\/wp-json\/wp\/v2\/media?parent=25323"}],"wp:term":[{"taxonomy":"category","embeddable":true,"href":"https:\/\/www.lintelligentdabidjan.info\/news\/wp-json\/wp\/v2\/categories?post=25323"},{"taxonomy":"post_tag","embeddable":true,"href":"https:\/\/www.lintelligentdabidjan.info\/news\/wp-json\/wp\/v2\/tags?post=25323"}],"curies":[{"name":"wp","href":"https:\/\/api.w.org\/{rel}","templated":true}]}}