{"id":25361,"date":"2021-03-10T01:20:12","date_gmt":"2021-03-10T00:20:12","guid":{"rendered":"https:\/\/www.lintelligentdabidjan.info\/news\/?p=25361"},"modified":"2021-03-10T01:22:01","modified_gmt":"2021-03-10T00:22:01","slug":"agnes-kraidy-journaliste-etre-femme-cest-se-battre-pour-assurer-sa-feminite-et-non-pour-devenir-homme","status":"publish","type":"post","link":"https:\/\/www.lintelligentdabidjan.info\/news\/agnes-kraidy-journaliste-etre-femme-cest-se-battre-pour-assurer-sa-feminite-et-non-pour-devenir-homme\/","title":{"rendered":"Agn\u00e8s Kraidy, journaliste:  \u00ab \u00catre femme, c\u2019est se battre pour assurer sa f\u00e9minit\u00e9  et non pour devenir homme \u00bb"},"content":{"rendered":"<p><em><strong>\u00catre femme, c\u2019est se battre pour assurer sa f\u00e9minit\u00e9 et non pour devenir homme. C\u2019est ce que la journaliste-\u00e9crivaine, Agn\u00e8s Kraidy a d\u00e9clar\u00e9 le lundi 8 mars 2021, lors d\u2019une c\u00e9r\u00e9monie organis\u00e9e en son honneur par une Maison de textile \u00e0 Abidjan-Cocody-Deux-Plateaux \u00e0 l\u2019occasion de la journ\u00e9e internationale de la femme. <\/strong><\/em><\/p>\n<p>\u00ab \u00catre femme, c\u2019est se battre pour assurer sa f\u00e9minit\u00e9 et non pour devenir homme. \u00catre femme, ce n\u2019est pas devenir homme \u00bb, a d\u00e9clar\u00e9 la journaliste-\u00e9crivaine, Agn\u00e8s Kraidy. Sur sa lanc\u00e9e, la conseill\u00e8re technique du ministre de la Communication et des Medias a ajout\u00e9 : \u00ab Je pense rendre hommage \u00e0 ces femmes dynamiques de Bonoua, c\u2019est aussi rendre hommage \u00e0 une dame qui nous a quitt\u00e9s tout r\u00e9cemment, Mme Iri\u00e9 Lou Colette qui est une nourrici\u00e8re dans tous les sens du mot dans notre pays est partie discr\u00e8tement sur la pointe des pieds. Alors qu\u2019elle a toujours \u00e9t\u00e9 l\u00e0 pour nous accompagner, pour nous faire grandir. Nous lui souhaitons de vivre le repos \u00e9ternel l\u00e0 o\u00f9 elle est. Notre pays la remercie de tout ce qu\u2019elle a \u00e9t\u00e9 pour nous. C\u2019est une femme qui a incarn\u00e9 la bravoure et la g\u00e9n\u00e9rosit\u00e9 et qui, comme toutes les femmes, savait ce qu\u2019elle voulait. Elle a su donner et est partie dans la discr\u00e9tion de la mort mais laissant parmi nous une pr\u00e9sence \u00e9ternelle \u00bb. Agn\u00e8s Kraidy a traduit toute sa reconnaissance \u00e0 la Maison de textile pour lui avoir fait honneur \u00e0 l\u2019occasion de la c\u00e9l\u00e9bration de la journ\u00e9e internationale des droits de la femme et surtout de lui avoir remis un ch\u00e8que de 3,5 millions de francs pour l\u2019association des femmes dynamiques de Bonoua, localit\u00e9 d\u2019o\u00f9, elle est \u00e9pouse du roi. \u00ab Cette g\u00e9n\u00e9rosit\u00e9, c\u2019est ce don de soi pour moi, c\u2019est cette richesse que les femmes offrent au monde, qui est c\u00e9l\u00e9br\u00e9 ici (\u2026) C\u2019est le sens du partage, le sens de la beaut\u00e9 et de l\u2019\u00e9l\u00e9gance qui incarne le slogan de l\u2019organisation depuis bient\u00f4t 200 ans \u00bb, a dit la reine de Bonoua. S\u00e9kou Sangar\u00e9, responsable commercial et marketing de la Maison de textile a r\u00e9v\u00e8le que tous les <a href=\"https:\/\/www.pressecotedivoire.ci\/article\/9216-journee-internationale-de-la-femme-2021-agnes-kraidy-obtient-de-laide-pour-une-association-de-bonoua\" target=\"_blank\">8 mars<\/a>, une femme-mod\u00e8le est choisie pour \u00eatre mise en honneur. C\u2019est le cas de Agn\u00e8s Kraidy, aujourd\u2019hui. Et de pr\u00e9ciser : \u00ab Le ch\u00e8que de 3,5 millions remis \u00e0 Agn\u00e8s Kraidy sont destin\u00e9s \u00e0 l\u2019association des femmes dynamiques de Bonoua qu\u2019elle a choisie d\u2019aider \u00bb.<\/p>\n<p><strong>M. Ouattara<\/strong><\/p>\n","protected":false},"excerpt":{"rendered":"<p>\u00catre femme, c\u2019est se battre pour assurer sa f\u00e9minit\u00e9 et non pour devenir homme. C\u2019est ce que la journaliste-\u00e9crivaine, Agn\u00e8s Kraidy a d\u00e9clar\u00e9 le lundi 8 mars 2021, lors d\u2019une c\u00e9r\u00e9monie organis\u00e9e en son honneur par une Maison de textile \u00e0 Abidjan-Cocody-Deux-Plateaux \u00e0 l\u2019occasion de la journ\u00e9e internationale de la femme. \u00ab \u00catre femme, c\u2019est [&hellip;]<\/p>\n","protected":false},"author":3,"featured_media":25362,"comment_status":"closed","ping_status":"closed","sticky":false,"template":"","format":"standard","meta":{"_monsterinsights_skip_tracking":false,"_monsterinsights_sitenote_active":false,"_monsterinsights_sitenote_note":"","_monsterinsights_sitenote_category":0,"footnotes":""},"categories":[2,20,3],"tags":[],"class_list":["post-25361","post","type-post","status-publish","format-standard","has-post-thumbnail","hentry","category-featured","category-art-et-culture","category-societe"],"_links":{"self":[{"href":"https:\/\/www.lintelligentdabidjan.info\/news\/wp-json\/wp\/v2\/posts\/25361","targetHints":{"allow":["GET"]}}],"collection":[{"href":"https:\/\/www.lintelligentdabidjan.info\/news\/wp-json\/wp\/v2\/posts"}],"about":[{"href":"https:\/\/www.lintelligentdabidjan.info\/news\/wp-json\/wp\/v2\/types\/post"}],"author":[{"embeddable":true,"href":"https:\/\/www.lintelligentdabidjan.info\/news\/wp-json\/wp\/v2\/users\/3"}],"replies":[{"embeddable":true,"href":"https:\/\/www.lintelligentdabidjan.info\/news\/wp-json\/wp\/v2\/comments?post=25361"}],"version-history":[{"count":1,"href":"https:\/\/www.lintelligentdabidjan.info\/news\/wp-json\/wp\/v2\/posts\/25361\/revisions"}],"predecessor-version":[{"id":25363,"href":"https:\/\/www.lintelligentdabidjan.info\/news\/wp-json\/wp\/v2\/posts\/25361\/revisions\/25363"}],"wp:featuredmedia":[{"embeddable":true,"href":"https:\/\/www.lintelligentdabidjan.info\/news\/wp-json\/wp\/v2\/media\/25362"}],"wp:attachment":[{"href":"https:\/\/www.lintelligentdabidjan.info\/news\/wp-json\/wp\/v2\/media?parent=25361"}],"wp:term":[{"taxonomy":"category","embeddable":true,"href":"https:\/\/www.lintelligentdabidjan.info\/news\/wp-json\/wp\/v2\/categories?post=25361"},{"taxonomy":"post_tag","embeddable":true,"href":"https:\/\/www.lintelligentdabidjan.info\/news\/wp-json\/wp\/v2\/tags?post=25361"}],"curies":[{"name":"wp","href":"https:\/\/api.w.org\/{rel}","templated":true}]}}