{"id":25367,"date":"2021-03-11T01:51:11","date_gmt":"2021-03-11T00:51:11","guid":{"rendered":"https:\/\/www.lintelligentdabidjan.info\/news\/?p=25367"},"modified":"2021-03-11T01:51:28","modified_gmt":"2021-03-11T00:51:28","slug":"sidi-toure-il-aura-marque-a-jamais-toute-notre-generation-par-son-abnegation-au-travail-et-son-sens-de-generosite","status":"publish","type":"post","link":"https:\/\/www.lintelligentdabidjan.info\/news\/sidi-toure-il-aura-marque-a-jamais-toute-notre-generation-par-son-abnegation-au-travail-et-son-sens-de-generosite\/","title":{"rendered":"Sidi Tour\u00e9 : \u00abIl aura marqu\u00e9 \u00e0 jamais toute notre g\u00e9n\u00e9ration par son abn\u00e9gation au travail et son sens de g\u00e9n\u00e9rosit\u00e9\u00bb"},"content":{"rendered":"<p><em><strong>Ne dit-on pas que les grandes douleurs sont muettes ?<\/strong><\/em><\/p>\n<p>Les mots ne pourront jamais exprimer \u00e0 juste titre le sentiment de d\u00e9vastation qui m&#8217;anime, suite \u00e0 l&#8217;annonce du d\u00e9c\u00e8s de mon grand fr\u00e8re et patron, le <a href=\"https:\/\/afrikipresse.fr\/urgent-deces-du-premier-ministre-hamed-bakayoko-en-allemagne-cote-divoire\/\" target=\"_blank\">Premier Ministre Hamed BAKAYOKO<\/a>, ce mercredi 10 mars 2021.<br \/>\nHomme d&#8217;\u00c9tat exceptionnel, homme au grand c\u0153ur, il aura marqu\u00e9 \u00e0 jamais toute notre g\u00e9n\u00e9ration par son abn\u00e9gation au travail et son sens de g\u00e9n\u00e9rosit\u00e9.<br \/>\nTu resteras \u00e0 jamais grav\u00e9 dans nos m\u00e9moires, cher a\u00een\u00e9. Que ton \u00e2me repose en Paix !<br \/>\nToutes mes sinc\u00e8res condol\u00e9ances \u00e0 sa famille biologique, \u00e0 notre famille politique ainsi qu&#8217;\u00e0 toute la Nation.<\/p>\n","protected":false},"excerpt":{"rendered":"<p>Ne dit-on pas que les grandes douleurs sont muettes ? Les mots ne pourront jamais exprimer \u00e0 juste titre le sentiment de d\u00e9vastation qui m&#8217;anime, suite \u00e0 l&#8217;annonce du d\u00e9c\u00e8s de mon grand fr\u00e8re et patron, le Premier Ministre Hamed BAKAYOKO, ce mercredi 10 mars 2021. Homme d&#8217;\u00c9tat exceptionnel, homme au grand c\u0153ur, il aura [&hellip;]<\/p>\n","protected":false},"author":3,"featured_media":25368,"comment_status":"closed","ping_status":"closed","sticky":false,"template":"","format":"standard","meta":{"_monsterinsights_skip_tracking":false,"_monsterinsights_sitenote_active":false,"_monsterinsights_sitenote_note":"","_monsterinsights_sitenote_category":0,"footnotes":""},"categories":[2,17],"tags":[67,641],"class_list":["post-25367","post","type-post","status-publish","format-standard","has-post-thumbnail","hentry","category-featured","category-politique","tag-hamed-bakayoko","tag-sidi-toure"],"_links":{"self":[{"href":"https:\/\/www.lintelligentdabidjan.info\/news\/wp-json\/wp\/v2\/posts\/25367","targetHints":{"allow":["GET"]}}],"collection":[{"href":"https:\/\/www.lintelligentdabidjan.info\/news\/wp-json\/wp\/v2\/posts"}],"about":[{"href":"https:\/\/www.lintelligentdabidjan.info\/news\/wp-json\/wp\/v2\/types\/post"}],"author":[{"embeddable":true,"href":"https:\/\/www.lintelligentdabidjan.info\/news\/wp-json\/wp\/v2\/users\/3"}],"replies":[{"embeddable":true,"href":"https:\/\/www.lintelligentdabidjan.info\/news\/wp-json\/wp\/v2\/comments?post=25367"}],"version-history":[{"count":1,"href":"https:\/\/www.lintelligentdabidjan.info\/news\/wp-json\/wp\/v2\/posts\/25367\/revisions"}],"predecessor-version":[{"id":25369,"href":"https:\/\/www.lintelligentdabidjan.info\/news\/wp-json\/wp\/v2\/posts\/25367\/revisions\/25369"}],"wp:featuredmedia":[{"embeddable":true,"href":"https:\/\/www.lintelligentdabidjan.info\/news\/wp-json\/wp\/v2\/media\/25368"}],"wp:attachment":[{"href":"https:\/\/www.lintelligentdabidjan.info\/news\/wp-json\/wp\/v2\/media?parent=25367"}],"wp:term":[{"taxonomy":"category","embeddable":true,"href":"https:\/\/www.lintelligentdabidjan.info\/news\/wp-json\/wp\/v2\/categories?post=25367"},{"taxonomy":"post_tag","embeddable":true,"href":"https:\/\/www.lintelligentdabidjan.info\/news\/wp-json\/wp\/v2\/tags?post=25367"}],"curies":[{"name":"wp","href":"https:\/\/api.w.org\/{rel}","templated":true}]}}