{"id":25370,"date":"2021-03-11T01:57:00","date_gmt":"2021-03-11T00:57:00","guid":{"rendered":"https:\/\/www.lintelligentdabidjan.info\/news\/?p=25370"},"modified":"2021-03-11T01:57:37","modified_gmt":"2021-03-11T00:57:37","slug":"diabate-beh-vice-president-du-fpi-hamed-bakayoko-etait-un-adversaire-politique-mais-pas-un-ennemi","status":"publish","type":"post","link":"https:\/\/www.lintelligentdabidjan.info\/news\/diabate-beh-vice-president-du-fpi-hamed-bakayoko-etait-un-adversaire-politique-mais-pas-un-ennemi\/","title":{"rendered":"Diabat\u00e9 B\u00eah, vice-pr\u00e9sident du Fpi: \u00abHamed Bakayoko \u00e9tait un adversaire politique, mais pas un ennemi\u00bb"},"content":{"rendered":"<p><em><strong>\u00abJe suis choqu\u00e9. Les mots me manquent. <\/strong><\/em><\/p>\n<p>Je l&#8217;avais dit le jour de l&#8217;ouverture de la campagne, demandant \u00e0 tous les \u00e9lecteurs de prier pour lui pour qu&#8217;il retrouve la sant\u00e9.Mais j&#8217;avoue que c&#8217;est avec beaucoup de tristesse que j&#8217;apprends la nouvelle. Parce que Hamed \u00e9tait un fr\u00e8re, un ami. <a href=\"https:\/\/afrikipresse.fr\/urgent-deces-du-premier-ministre-hamed-bakayoko-en-allemagne-cote-divoire\/\" target=\"_blank\">Hamed Bakayoko<\/a> \u00e9tait un adversaire politique, mais pas un ennemi. Vraiment, je ne crois m\u00eame pas encore. Je ne crois pas\u00bb .<\/p>\n","protected":false},"excerpt":{"rendered":"<p>\u00abJe suis choqu\u00e9. Les mots me manquent. Je l&#8217;avais dit le jour de l&#8217;ouverture de la campagne, demandant \u00e0 tous les \u00e9lecteurs de prier pour lui pour qu&#8217;il retrouve la sant\u00e9.Mais j&#8217;avoue que c&#8217;est avec beaucoup de tristesse que j&#8217;apprends la nouvelle. Parce que Hamed \u00e9tait un fr\u00e8re, un ami. Hamed Bakayoko \u00e9tait un adversaire [&hellip;]<\/p>\n","protected":false},"author":3,"featured_media":25371,"comment_status":"closed","ping_status":"closed","sticky":false,"template":"","format":"standard","meta":{"_monsterinsights_skip_tracking":false,"_monsterinsights_sitenote_active":false,"_monsterinsights_sitenote_note":"","_monsterinsights_sitenote_category":0,"footnotes":""},"categories":[2,17],"tags":[1051,45,67],"class_list":["post-25370","post","type-post","status-publish","format-standard","has-post-thumbnail","hentry","category-featured","category-politique","tag-diabate-beh","tag-fpi","tag-hamed-bakayoko"],"_links":{"self":[{"href":"https:\/\/www.lintelligentdabidjan.info\/news\/wp-json\/wp\/v2\/posts\/25370","targetHints":{"allow":["GET"]}}],"collection":[{"href":"https:\/\/www.lintelligentdabidjan.info\/news\/wp-json\/wp\/v2\/posts"}],"about":[{"href":"https:\/\/www.lintelligentdabidjan.info\/news\/wp-json\/wp\/v2\/types\/post"}],"author":[{"embeddable":true,"href":"https:\/\/www.lintelligentdabidjan.info\/news\/wp-json\/wp\/v2\/users\/3"}],"replies":[{"embeddable":true,"href":"https:\/\/www.lintelligentdabidjan.info\/news\/wp-json\/wp\/v2\/comments?post=25370"}],"version-history":[{"count":1,"href":"https:\/\/www.lintelligentdabidjan.info\/news\/wp-json\/wp\/v2\/posts\/25370\/revisions"}],"predecessor-version":[{"id":25372,"href":"https:\/\/www.lintelligentdabidjan.info\/news\/wp-json\/wp\/v2\/posts\/25370\/revisions\/25372"}],"wp:featuredmedia":[{"embeddable":true,"href":"https:\/\/www.lintelligentdabidjan.info\/news\/wp-json\/wp\/v2\/media\/25371"}],"wp:attachment":[{"href":"https:\/\/www.lintelligentdabidjan.info\/news\/wp-json\/wp\/v2\/media?parent=25370"}],"wp:term":[{"taxonomy":"category","embeddable":true,"href":"https:\/\/www.lintelligentdabidjan.info\/news\/wp-json\/wp\/v2\/categories?post=25370"},{"taxonomy":"post_tag","embeddable":true,"href":"https:\/\/www.lintelligentdabidjan.info\/news\/wp-json\/wp\/v2\/tags?post=25370"}],"curies":[{"name":"wp","href":"https:\/\/api.w.org\/{rel}","templated":true}]}}