{"id":25383,"date":"2021-03-15T00:44:22","date_gmt":"2021-03-14T23:44:22","guid":{"rendered":"https:\/\/www.lintelligentdabidjan.info\/news\/?p=25383"},"modified":"2021-03-15T00:45:29","modified_gmt":"2021-03-14T23:45:29","slug":"deces-du-premier-ministre-hamed-bakayoko-deuil-national-observe-et-livre-de-condoleances-ouvert-dans-les-ambassades-de-cote-divoire-a-letranger","status":"publish","type":"post","link":"https:\/\/www.lintelligentdabidjan.info\/news\/deces-du-premier-ministre-hamed-bakayoko-deuil-national-observe-et-livre-de-condoleances-ouvert-dans-les-ambassades-de-cote-divoire-a-letranger\/","title":{"rendered":"D\u00e9c\u00e8s du premier ministre Hamed Bakayoko: Deuil national observ\u00e9 et livre de condol\u00e9ances ouvert dans les ambassades de C\u00f4te d\u2019Ivoire \u00e0 l\u2019\u00e9tranger"},"content":{"rendered":"<p><em><strong>L\u2019ambassadeur de la C\u00f4te d\u2019Ivoire en France Maurice Kouakou Bandaman  et celui de la C\u00f4te d\u2019Ivoire aux \u00c9tats-Unis  Mamadou Ha\u00efdara ont annonc\u00e9 l\u2019ouverture d\u2019un livre de condol\u00e9ances en  la m\u00e9moire  du premier ministre Hamed Bakayoko respectivement dans les pays  dans lesquels ils repr\u00e9sentent   la C\u00f4te d\u2019Ivoire<br \/>\n\u00ab J\u2019ai le regret de porter \u00e0 votre connaissance le d\u00e9c\u00e8s survenu le mercredi 10 mars 2021, de Monsieur Hamed Bakayoko, premier ministre, chef du gouvernement, ministre de la D\u00e9fense de la R\u00e9publique de C\u00f4te d\u2019Ivoire.<\/strong><\/em><\/p>\n<p>En cette  douloureuse circonstance, un deuil national de 8 jours a \u00e9t\u00e9 d\u00e9cr\u00e9t\u00e9 par le gouvernement ivoirien. Un livre de condol\u00e9ances est ouvert   en la m\u00e9moire de l\u2019illustre disparu \u00e0 l\u2019ambassade au 102 avenue Raymond Pointcarr\u00e9 Paris , du lundi 15 au vendredi 19 mars 2021 de 10h 30 \u00e0 16h30.<br \/>\nDe m\u00eame en raison des conditions sanitaires actuelles, les condol\u00e9ances pourraient \u00eatre adress\u00e9es jusqu\u2019au vendredi 19 mars via l\u2019adresse mail suivante : 1erconseiller.france@diplomatie.gouv.ci<br \/>\nJe pr\u00e9sente mes sinc\u00e8res condol\u00e9ances \u00e0 toute la communaut\u00e9 ivoirienne vivant en France \u00bb, dixit une note de l\u2019ambassadeur Maurice Kouakou Bandaman .<br \/>\nDans la m\u00eame veine, l\u2019ambassadeur de la C\u00f4te d\u2019Ivoire aux \u00c9tats-Unis  Mamadou Ha\u00efdara a annonc\u00e9  l\u2019ouverture  d\u2019un livre de condol\u00e9ances en ligne : \u00ab L\u2019Ambassade de la R\u00e9publique de C\u00f4te d\u2019Ivoire pr\u00e8s les Etats-Unis d\u2019Am\u00e9rique a la profonde douleur d\u2019annoncer \u00e0 l\u2019ensemble de la Communaut\u00e9 ivoirienne vivant aux Etats-Unis d\u2019Am\u00e9rique, le d\u00e9c\u00e8s survenu, le 10 mars 2020, de Son Excellence Monsieur Hamed BAKAYOKO, Premier Ministre, Chef du Gouvernement, Ministre de la d\u00e9fense.<br \/>\nEn ces moments de tristesse, l\u2019Ambassade voudrait porter \u00e0 la connaissance des Ivoiriens et des Amis de la C\u00f4te d\u2019Ivoire, qu\u2019\u00e0 partir du lundi 15 mars 2021, un livre de condol\u00e9ances sera ouvert en ligne:<br \/>\nPar ailleurs, toutes les personnes d\u00e9sireuses de rendre un hommage \u00e0 l\u2019illustre disparu pourront d\u00e9poser des gerbes de fleurs \u00e0 la chancellerie sise \u00e0 :<br \/>\n2424 Massachusetts Avenue, N.W. Washington, D.C. 20008<br \/>\nSinc\u00e8res condol\u00e9ances \u00e0 toutes et \u00e0 tous \u00bb.<br \/>\nPlusieurs autres ambassades de la C\u00f4te d\u2019Ivoire \u00e0 l\u2019ext\u00e9rieur ont ouvert des livres de condol\u00e9ances en la m\u00e9moire de feu le  premier ministre Hamed Bakayoko .<\/p>\n<p><strong>T.A.B<\/strong><\/p>\n","protected":false},"excerpt":{"rendered":"<p>L\u2019ambassadeur de la C\u00f4te d\u2019Ivoire en France Maurice Kouakou Bandaman et celui de la C\u00f4te d\u2019Ivoire aux \u00c9tats-Unis Mamadou Ha\u00efdara ont annonc\u00e9 l\u2019ouverture d\u2019un livre de condol\u00e9ances en la m\u00e9moire du premier ministre Hamed Bakayoko respectivement dans les pays dans lesquels ils repr\u00e9sentent la C\u00f4te d\u2019Ivoire \u00ab J\u2019ai le regret de porter \u00e0 votre connaissance [&hellip;]<\/p>\n","protected":false},"author":3,"featured_media":25384,"comment_status":"closed","ping_status":"closed","sticky":false,"template":"","format":"standard","meta":{"_monsterinsights_skip_tracking":false,"_monsterinsights_sitenote_active":false,"_monsterinsights_sitenote_note":"","_monsterinsights_sitenote_category":0,"footnotes":""},"categories":[2,17],"tags":[979,67],"class_list":["post-25383","post","type-post","status-publish","format-standard","has-post-thumbnail","hentry","category-featured","category-politique","tag-deces","tag-hamed-bakayoko"],"_links":{"self":[{"href":"https:\/\/www.lintelligentdabidjan.info\/news\/wp-json\/wp\/v2\/posts\/25383","targetHints":{"allow":["GET"]}}],"collection":[{"href":"https:\/\/www.lintelligentdabidjan.info\/news\/wp-json\/wp\/v2\/posts"}],"about":[{"href":"https:\/\/www.lintelligentdabidjan.info\/news\/wp-json\/wp\/v2\/types\/post"}],"author":[{"embeddable":true,"href":"https:\/\/www.lintelligentdabidjan.info\/news\/wp-json\/wp\/v2\/users\/3"}],"replies":[{"embeddable":true,"href":"https:\/\/www.lintelligentdabidjan.info\/news\/wp-json\/wp\/v2\/comments?post=25383"}],"version-history":[{"count":1,"href":"https:\/\/www.lintelligentdabidjan.info\/news\/wp-json\/wp\/v2\/posts\/25383\/revisions"}],"predecessor-version":[{"id":25385,"href":"https:\/\/www.lintelligentdabidjan.info\/news\/wp-json\/wp\/v2\/posts\/25383\/revisions\/25385"}],"wp:featuredmedia":[{"embeddable":true,"href":"https:\/\/www.lintelligentdabidjan.info\/news\/wp-json\/wp\/v2\/media\/25384"}],"wp:attachment":[{"href":"https:\/\/www.lintelligentdabidjan.info\/news\/wp-json\/wp\/v2\/media?parent=25383"}],"wp:term":[{"taxonomy":"category","embeddable":true,"href":"https:\/\/www.lintelligentdabidjan.info\/news\/wp-json\/wp\/v2\/categories?post=25383"},{"taxonomy":"post_tag","embeddable":true,"href":"https:\/\/www.lintelligentdabidjan.info\/news\/wp-json\/wp\/v2\/tags?post=25383"}],"curies":[{"name":"wp","href":"https:\/\/api.w.org\/{rel}","templated":true}]}}