{"id":25386,"date":"2021-03-15T00:57:54","date_gmt":"2021-03-14T23:57:54","guid":{"rendered":"https:\/\/www.lintelligentdabidjan.info\/news\/?p=25386"},"modified":"2021-03-15T00:58:08","modified_gmt":"2021-03-14T23:58:08","slug":"hommage-a-hamed-bakayokoson-parcours-illustre-au-plus-haut-point-ce-que-je-crois","status":"publish","type":"post","link":"https:\/\/www.lintelligentdabidjan.info\/news\/hommage-a-hamed-bakayokoson-parcours-illustre-au-plus-haut-point-ce-que-je-crois\/","title":{"rendered":"Hommage \u00e0 Hamed Bakayoko:son parcours illustre au plus haut point ce que je crois"},"content":{"rendered":"<p><strong>Je ne connaissais pas Hamed Bakayoko, mais son parcours illustre au plus haut point ce que je crois : ce ne sont pas toujours les hommes qui font l\u2019Histoire, c\u2019est souvent l\u2019Histoire qui fait les hommes en leur offrant les circonstances \u00e0 partir desquelles ils peuvent infl\u00e9chir le cours de l\u2019Histoire, s\u2019ils en ont les capacit\u00e9s. <\/strong><\/p>\n<p>Concernant Hamed Bakayoko, \u00e0 chaque fois que l\u2019Histoire de son pays l\u2019a plac\u00e9 dans une situation o\u00f9 il devait choisir, les choix qu\u2019il a faits lui ont permis de devenir ce qu\u2019il voulait \u00eatre et accomplir ce qu\u2019il pensait juste pour son pays.<\/p>\n<p><strong>Le militant<\/strong><\/p>\n<p>Passionn\u00e9 de politique, Hamed Bakayoko  sait qu\u2019il doit  d\u2019abord n\u2019\u00eatre qu\u2019un simple militant qui suit le chef, dont il partage les convictions. <\/p>\n<p>La sc\u00e8ne politique ivoirienne est domin\u00e9e par le PDCI, le parti du P\u00e8re de la nation, F\u00e9lix Houphou\u00ebt-Boigny. Houphou\u00e9tiste, c\u2019est donc tout naturellement qu\u2019il se tourne vers le PDCI. Nous sommes en 1986 et le jeune Hamed Bakayoko, qui est \u00e9tudiant, rentre \u00e0 Abidjan. Il a 21 ans. Il se rapproche des mouvements \u00e9tudiants proches du PDCI. Son militantisme s\u2019exprime \u00e0 l\u2019int\u00e9rieur du Mouvement des \u00c9tudiants et \u00c9l\u00e8ves de C\u00f4te d\u2019Ivoire (MEECI). Sa fougue militante se fait remarquer lors de la campagne pr\u00e9sidentielle de 1990, ann\u00e9e qui voit l\u2019\u00e9mergence du multipartisme. Il fonde, \u00e0 cette \u00e9poque, les Jeunesses Estudiantines et Scolaires du PDCI (JESPDCI). \u00c0 la mort d\u2019Houphou\u00ebt-Boigny, le chef incontest\u00e9 et incontestable du PDCI est alors Henri Konan B\u00e9di\u00e9. B\u00e9di\u00e9 ne saura pas exploiter la fougue militante d\u2019Hamed Bakayoko. Ou du moins le sentiment d&#8217;injustice et d&#8217;ingratitude \u00e0 l&#8217;\u00e9gard d\u2019Alassane Ouattara, marqu\u00e9 par l\u2019ivoirit\u00e9, ne favorisera une affinit\u00e9 politique plus pouss\u00e9e avec Henri Konan B\u00e9di\u00e9.<\/p>\n<p><strong>Le sens de l\u2019Histoire<\/strong><\/p>\n<p>La vision prospective et le sens de l\u2019Histoire qui caract\u00e9risent Hamed Bakayoko lui font comprendre trois choses : 1) L\u2019\u00e8re du parti unique est termin\u00e9e. La C\u00f4te d\u2019Ivoire entre dans une p\u00e9riode o\u00f9 vont s\u2019affronter les partis politiques. En 1990,14 nouvelles formations politiques sont officialis\u00e9es, dont le FPI, principal parti d\u2019opposition.<\/p>\n<p>2) \u00c0 la mort d\u2019Houphou\u00ebt-Boigny, le pays est d\u00e9j\u00e0 entr\u00e9 dans une p\u00e9riode de crise profonde, &#8211; politique, \u00e9conomique et sociale -, \u00e0 laquelle B\u00e9di\u00e9 ne pourra faire face.<\/p>\n<p> 3) L\u2019offre politique  du Pdci, sous la houlette de B\u00e9di\u00e9, ne r\u00e9pond plus aux attentes des Ivoiriens et aux d\u00e9fis que doit relever le pays.<\/p>\n<p>Bakayoko doit choisir. En 1994, il adh\u00e8re au RDR, le parti d\u2019Alassane Ouattara. Neuf ans plus tard , en  2003, il entre dans le gouvernement d\u2019union nationale qui r\u00e9sulte des Accords de Lina-Marcoussis. Il occupera ce poste jusqu\u2019\u00e0 l&#8217;\u00e9pisode de la sortie du gouvernement sous Laurent Gbagbo, en F\u00e9vrier 2010.<\/p>\n<p>En avril 2011 apr\u00e8s la crise post \u00e9lectorale et le gouvernement provisoire de l&#8217;h\u00f4tel du Golf , il est nomm\u00e9 ministre de l\u2019Int\u00e9rieur. Il est  reconduit \u00e0 ce poste en 2016. <\/p>\n<p>Dans un pays marqu\u00e9 par la grave crise politico-militaire de 2002 et par la crise post\u00e9lectorale de 2011, son autorit\u00e9 naturelle et son sens du dialogue lui permettent de remettre la C\u00f4te d\u2019Ivoire \u00e0 l\u2019endroit.<\/p>\n<p>Fin juillet 2017, quelques mois apr\u00e8s que des mutineries aient \u00e9clat\u00e9, Hamed Bakayoko est appel\u00e9 au minist\u00e8re de la D\u00e9fense, afin de remettre en ordre  l\u2019institution militaire, restructurer les cha\u00eenes de commandement et ramener les forces arm\u00e9es dans le giton de la R\u00e9publique. L\u00e0 encore, la r\u00e9ussite est totale. Les forces arm\u00e9es, militaires et gendarmes, ont confiance en Hamed Bakayoko, qui fait appliquer la loi de programmation militaire de 2016.<\/p>\n<p><strong>Un homme de dialogue<\/strong><\/p>\n<p>Alassane Ouattara comprend qu\u2019Hamed Bakayoko n\u2019est pas simplement un homme d\u2019action, c\u2019est aussi un fin politique qui a su pacifier et stabiliser le pays. Le Pr\u00e9sident Ouattara va lui confier des missions de n\u00e9gociations, que ce soit au sein du Rhdp, avec les adversaires politiques et dans la sous-r\u00e9gion. Il ressort de ces missions qu\u2019Hamed Bakayoko n\u2019a jamais trahi la confiance de ses interlocuteurs, une qualit\u00e9 essentielle dans un monde politique o\u00f9 les trahisons se multiplient et les alliances se nouent et se d\u00e9nouent au gr\u00e9 des circonstances. <\/p>\n<p>On se souvient que Laurent Gbagbo, lorsqu\u2019il a voulu donner des signes d\u2019apaisement et se d\u00e9solidariser de la d\u00e9marche sans issue dans laquelle s\u2019\u00e9tait engag\u00e9 l\u2019opposition avec le Conseil National de Transition, avait appel\u00e9 Hamed Bakayoko.<\/p>\n<p><strong>Un lien constant avec les populations<\/strong><\/p>\n<p>En 2018, Abobo, fief du Rdr, Abobo, l\u2019une des communes la plus peupl\u00e9es d\u2019Abidjan avec un million d\u2019habitants, l\u2019une des plus pauvres aussi, risque de tomber aux mains de l\u2019opposition. Hamed Bakayoko se pr\u00e9sente aux \u00e9lections municipales. Il est \u00e9lu au premier tour avec pr\u00e8s de 60 % des voix. Lors des l\u00e9gislatives de mars 2021, gravement malade, hospitalis\u00e9 hors du pays, il ne participe pas \u00e0 la campagne \u00e9lectorale. Il est pourtant triomphalement r\u00e9\u00e9lu d\u00e9put\u00e9. L\u2019erreur que beaucoup auront commise aura \u00e9t\u00e9 de croire de croire qu\u2019Hamed Bakayoko n\u2019\u00e9tait que l\u2019homme des situations difficiles, une sorte de joker que l\u2019on sort au dernier moment. Sa victoire \u00e0 Abobo et sa r\u00e9\u00e9lection comme d\u00e9put\u00e9  s\u2019expliquent par son charisme et ses liens avec les populations. <\/p>\n<p>Hamed Bakayoko jouissait d\u2019une forte popularit\u00e9 qui transcendait les clivages politiques et ethniques. Il \u00e9tait rest\u00e9 un militant du quotidien dans l\u2019\u00e2me, proche des gens. <\/p>\n<p>Un signe qui ne trompe pas : lorsqu\u2019il quitte le Palais pr\u00e9sidentiel, apr\u00e8s avoir \u00e9t\u00e9 nomm\u00e9 Premier ministre, il rejoint la voiture qui l\u2019attendait et il s\u2019assied \u00e0 c\u00f4t\u00e9 du chauffeur, comme il le fait depuis plusieurs ann\u00e9es. Sa nouvelle fonction ne changera pas ce choix, malgr\u00e9 les contraintes et les rigueurs du protocole.<\/p>\n<p>L\u2019erreur que ne commettra jamais Hamed Bakayoko est de rester prisonnier des ors des minist\u00e8res ou de la Primature, de jouir du pouvoir sans l\u2019exercer. Son r\u00f4le central dans le dispositif d\u2019Alassane Ouattara tenait autant \u00e0 sa connaissance du terrain, \u00e0 sa capacit\u00e9 de travail, \u00e0 ses qualit\u00e9s humaines, qu\u2019\u00e0 son immense popularit\u00e9. <\/p>\n<p>Le parcours du militant devenu ministre d\u2019Etat, du ministre d\u2019Etat devenu Premier ministre, s\u2019est arr\u00eat\u00e9 brutalement le 10 mars 2021. <\/p>\n<p>Chacun s\u2019accorde d\u00e9sormais  \u00e0 reconna\u00eetre qu\u2019il portait en lui le r\u00eave du grand destin voulu par Houphou\u00ebt-Boigny pour la C\u00f4te d\u2019Ivoire, et qu\u2019Hamed Bakayoko retrouvait chez Alassane Ouattara, l&#8217;id\u00e9e et le r\u00eave d\u2019une grande nation moderne, unie et prosp\u00e8re.<\/p>\n<p><strong>Christian GAMBOTTI, <\/strong><\/p>\n<p>Agr\u00e9g\u00e9 de l\u2019Universit\u00e9, Pr\u00e9sident du think tank Afrique &#038; Partage &#8211; CEO du CERAD (Centre d\u2019Etudes et de Recherches sur l\u2019Afrique de Demain) &#8211; Directeur des Collections L\u2019Afrique en Marche, Plan\u00e8te francophone &#8211; Directeur de la r\u00e9daction du magazine Parlements &#038; Pouvoirs africains.<\/p>\n","protected":false},"excerpt":{"rendered":"<p>Je ne connaissais pas Hamed Bakayoko, mais son parcours illustre au plus haut point ce que je crois : ce ne sont pas toujours les hommes qui font l\u2019Histoire, c\u2019est souvent l\u2019Histoire qui fait les hommes en leur offrant les circonstances \u00e0 partir desquelles ils peuvent infl\u00e9chir le cours de l\u2019Histoire, s\u2019ils en ont les [&hellip;]<\/p>\n","protected":false},"author":3,"featured_media":25387,"comment_status":"closed","ping_status":"closed","sticky":false,"template":"","format":"standard","meta":{"_monsterinsights_skip_tracking":false,"_monsterinsights_sitenote_active":false,"_monsterinsights_sitenote_note":"","_monsterinsights_sitenote_category":0,"footnotes":""},"categories":[2,17],"tags":[67,715],"class_list":["post-25386","post","type-post","status-publish","format-standard","has-post-thumbnail","hentry","category-featured","category-politique","tag-hamed-bakayoko","tag-hommage"],"_links":{"self":[{"href":"https:\/\/www.lintelligentdabidjan.info\/news\/wp-json\/wp\/v2\/posts\/25386","targetHints":{"allow":["GET"]}}],"collection":[{"href":"https:\/\/www.lintelligentdabidjan.info\/news\/wp-json\/wp\/v2\/posts"}],"about":[{"href":"https:\/\/www.lintelligentdabidjan.info\/news\/wp-json\/wp\/v2\/types\/post"}],"author":[{"embeddable":true,"href":"https:\/\/www.lintelligentdabidjan.info\/news\/wp-json\/wp\/v2\/users\/3"}],"replies":[{"embeddable":true,"href":"https:\/\/www.lintelligentdabidjan.info\/news\/wp-json\/wp\/v2\/comments?post=25386"}],"version-history":[{"count":1,"href":"https:\/\/www.lintelligentdabidjan.info\/news\/wp-json\/wp\/v2\/posts\/25386\/revisions"}],"predecessor-version":[{"id":25388,"href":"https:\/\/www.lintelligentdabidjan.info\/news\/wp-json\/wp\/v2\/posts\/25386\/revisions\/25388"}],"wp:featuredmedia":[{"embeddable":true,"href":"https:\/\/www.lintelligentdabidjan.info\/news\/wp-json\/wp\/v2\/media\/25387"}],"wp:attachment":[{"href":"https:\/\/www.lintelligentdabidjan.info\/news\/wp-json\/wp\/v2\/media?parent=25386"}],"wp:term":[{"taxonomy":"category","embeddable":true,"href":"https:\/\/www.lintelligentdabidjan.info\/news\/wp-json\/wp\/v2\/categories?post=25386"},{"taxonomy":"post_tag","embeddable":true,"href":"https:\/\/www.lintelligentdabidjan.info\/news\/wp-json\/wp\/v2\/tags?post=25386"}],"curies":[{"name":"wp","href":"https:\/\/api.w.org\/{rel}","templated":true}]}}