{"id":25392,"date":"2021-03-16T02:08:01","date_gmt":"2021-03-16T01:08:01","guid":{"rendered":"https:\/\/www.lintelligentdabidjan.info\/news\/?p=25392"},"modified":"2021-03-16T02:09:33","modified_gmt":"2021-03-16T01:09:33","slug":"cote-divoire-alexandre-apalo-toure-visite-la-federation-ivoirienne-de-taekwondo","status":"publish","type":"post","link":"https:\/\/www.lintelligentdabidjan.info\/news\/cote-divoire-alexandre-apalo-toure-visite-la-federation-ivoirienne-de-taekwondo\/","title":{"rendered":"C\u00f4te d\u2019Ivoire-   Alexandre Apalo Tour\u00e9 visite la f\u00e9d\u00e9ration ivoirienne de taekwondo"},"content":{"rendered":"<p><em><strong>Le G\u00e9n\u00e9ral  de corps d\u2019arm\u00e9e Alexandre Apalo Tour\u00e9  \u00e9tait  le mercredi 10 mars 2021 en visite  au si\u00e8ge de la F\u00e9d\u00e9ration Ivoirienne de Taekwondo au sein du nouveau complexe sportif baptis\u00e9 Centre Sportif, Culturel et des Tics Ivoiro-Cor\u00e9en Alassane Ouattara.<\/strong><\/em><\/p>\n<p>Le G\u00e9n\u00e9ral, Commandant Sup\u00e9rieur de la Gendarmerie Nationale, a   au cours de son passage   relev\u00e9  les grands chantiers conduits et r\u00e9alis\u00e9s par le Pr\u00e9sident Bamba Cheick Daniel et son \u00e9quipe.<\/p>\n<p>Il a signifi\u00e9  toute son admiration \u00e0 la F\u00e9d\u00e9ration Ivoirienne de Taekwondo qui ne cesse de faire honneur \u00e0 la C\u00f4te d\u2018Ivoire et de d\u00e9montrer aux yeux du monde entier que la C\u00f4te d\u2019Ivoire est   un grand pays de sport au regard des r\u00e9sultats sportifs glan\u00e9s chaque ann\u00e9e et de la place qu\u2019occupe le Taekwondo ivoirien parmi les grands pays de Taekwondo au monde.<\/p>\n<p>Accompagn\u00e9 de ses plus proches collaborateurs, le Commandant Sup\u00e9rieur de la Gendarmerie de C\u00f4te d\u2019Ivoire a saisi cette opportunit\u00e9 pour voir de plus pr\u00e8s le joyau architectural qu\u2019a offert la R\u00e9publique de Cor\u00e9e \u00e0 la C\u00f4te d\u2019Ivoire qu\u2019est le Centre Sportif, Culturel Ivoiro-Cor\u00e9en qui abrite le nouveau si\u00e8ge de la F\u00e9d\u00e9ration Ivoirienne de Taekwondo.<\/p>\n<p>Il  s\u2019est dit heureux et fier de ce fabuleux complexe sportif que le Taekwondo ivoirien a r\u00e9ussi \u00e0 acqu\u00e9rir gr\u00e2ce au pr\u00e9sident  Bamba Cheick.<\/p>\n<p>Cette visite du G\u00e9n\u00e9ral Alexandre Apalo Tour\u00e9 \u00e0 la F\u00e9d\u00e9ration Ivoirienne de Taekwondo vient sceller le pacte entre le Taekwondo et la Gendarmerie Nationale.<br \/>\n<strong><br \/>\nAK  avec Sercom<\/strong><\/p>\n","protected":false},"excerpt":{"rendered":"<p>Le G\u00e9n\u00e9ral de corps d\u2019arm\u00e9e Alexandre Apalo Tour\u00e9 \u00e9tait le mercredi 10 mars 2021 en visite au si\u00e8ge de la F\u00e9d\u00e9ration Ivoirienne de Taekwondo au sein du nouveau complexe sportif baptis\u00e9 Centre Sportif, Culturel et des Tics Ivoiro-Cor\u00e9en Alassane Ouattara. Le G\u00e9n\u00e9ral, Commandant Sup\u00e9rieur de la Gendarmerie Nationale, a au cours de son passage relev\u00e9 [&hellip;]<\/p>\n","protected":false},"author":3,"featured_media":25393,"comment_status":"closed","ping_status":"closed","sticky":false,"template":"","format":"standard","meta":{"_monsterinsights_skip_tracking":false,"_monsterinsights_sitenote_active":false,"_monsterinsights_sitenote_note":"","_monsterinsights_sitenote_category":0,"footnotes":""},"categories":[2,23],"tags":[1057,77],"class_list":["post-25392","post","type-post","status-publish","format-standard","has-post-thumbnail","hentry","category-featured","category-sport","tag-alexandre-apalo-toure-federation-ivoirienne-de-taekwondo","tag-cote-divoire"],"_links":{"self":[{"href":"https:\/\/www.lintelligentdabidjan.info\/news\/wp-json\/wp\/v2\/posts\/25392","targetHints":{"allow":["GET"]}}],"collection":[{"href":"https:\/\/www.lintelligentdabidjan.info\/news\/wp-json\/wp\/v2\/posts"}],"about":[{"href":"https:\/\/www.lintelligentdabidjan.info\/news\/wp-json\/wp\/v2\/types\/post"}],"author":[{"embeddable":true,"href":"https:\/\/www.lintelligentdabidjan.info\/news\/wp-json\/wp\/v2\/users\/3"}],"replies":[{"embeddable":true,"href":"https:\/\/www.lintelligentdabidjan.info\/news\/wp-json\/wp\/v2\/comments?post=25392"}],"version-history":[{"count":1,"href":"https:\/\/www.lintelligentdabidjan.info\/news\/wp-json\/wp\/v2\/posts\/25392\/revisions"}],"predecessor-version":[{"id":25394,"href":"https:\/\/www.lintelligentdabidjan.info\/news\/wp-json\/wp\/v2\/posts\/25392\/revisions\/25394"}],"wp:featuredmedia":[{"embeddable":true,"href":"https:\/\/www.lintelligentdabidjan.info\/news\/wp-json\/wp\/v2\/media\/25393"}],"wp:attachment":[{"href":"https:\/\/www.lintelligentdabidjan.info\/news\/wp-json\/wp\/v2\/media?parent=25392"}],"wp:term":[{"taxonomy":"category","embeddable":true,"href":"https:\/\/www.lintelligentdabidjan.info\/news\/wp-json\/wp\/v2\/categories?post=25392"},{"taxonomy":"post_tag","embeddable":true,"href":"https:\/\/www.lintelligentdabidjan.info\/news\/wp-json\/wp\/v2\/tags?post=25392"}],"curies":[{"name":"wp","href":"https:\/\/api.w.org\/{rel}","templated":true}]}}