{"id":25406,"date":"2021-03-17T00:55:26","date_gmt":"2021-03-16T23:55:26","guid":{"rendered":"https:\/\/www.lintelligentdabidjan.info\/news\/?p=25406"},"modified":"2021-03-17T00:55:26","modified_gmt":"2021-03-16T23:55:26","slug":"deces-du-premier-ministre-le-vice-amiral-jean-dominique-okemba-congo-rend-hommage-a-hamed-bakayoko-il-etait-lincarnation-des-valeurs-cardinales-de-paix-et-damour-d","status":"publish","type":"post","link":"https:\/\/www.lintelligentdabidjan.info\/news\/deces-du-premier-ministre-le-vice-amiral-jean-dominique-okemba-congo-rend-hommage-a-hamed-bakayoko-il-etait-lincarnation-des-valeurs-cardinales-de-paix-et-damour-d\/","title":{"rendered":"D\u00e9c\u00e8s du Premier ministre-Le Vice-amiral Jean-Dominique Okemba (Congo) rend hommage \u00e0 Hamed Bakayoko :  \u00ab Il \u00e9tait l\u2019incarnation des valeurs cardinales de paix et d\u2019amour, d\u2019abn\u00e9gation et de loyaut\u00e9, de tol\u00e9rance et de justice\u2026"},"content":{"rendered":"<p><em><strong>Le Ministre, Secr\u00e9taire G\u00e9n\u00e9ral du Conseil National de la S\u00e9curit\u00e9 de la R\u00e9publique du Congo, le vice-amiral Jean-Dominique Okemba a rendu hommage au Premier ministre ivoirien Hamed Bakayoko, le mardi 16 mars 2021 \u00e0 la primature.<\/strong><\/em><\/p>\n<p>Le Vice-amiral Jean-Dominique Okemba a \u00e9crit dans le livre de condol\u00e9ances ouvert \u00e0 la primature: \u00ab Au nom du peuple congolais, au nom de S.E.M. Denis Sassou N\u2019Guesso, Pr\u00e9sident de la R\u00e9publique du Congo et Madame et en mon nom propre, le rappel \u00e0 Dieu de notre tr\u00e8s d\u00e9vou\u00e9 et bien aim\u00e9 Hamed Bakayoko nous plonge tous dans une immense tristesse, car il \u00e9tait l\u2019incarnation des valeurs cardinales de paix et d\u2019amour, d\u2019abn\u00e9gation et de loyaut\u00e9, de tol\u00e9rance et de justice, de dialogue et de m\u00e9diation, d\u2019empathie et de g\u00e9n\u00e9rosit\u00e9. (\u2026) Pour tous les bienfaits immat\u00e9riels et mat\u00e9riels qu\u2019il a accord\u00e9s \u00e0 l\u2019orphelin et \u00e0 la veuve, au pauvre et \u00e0 l\u2019opprim\u00e9, aux cadets et aux a\u00een\u00e9s, aux grands et aux puissants, nous sommes venus lui rendre un vibrant hommage \u00bb. Il a conclu, en implorant la mis\u00e9ricorde divine pour que Dieu le Tout-Puissant l&#8217;accueille et qu\u2019Il lui pardonne ses p\u00e9ch\u00e9s, afin que son \u00e2me repose en paix. La forte d\u00e9l\u00e9gation que conduisait le vice-amiral Jean-Dominique Okemba \u00e9tait accompagn\u00e9e du ministre des Affaires \u00e9trang\u00e8res, Ally Coulibaly et de son coll\u00e8gue des Eaux et For\u00eats, Alain-Richard Donwahi.<\/p>\n<p><strong>OD avec sercom primature<\/strong><\/p>\n","protected":false},"excerpt":{"rendered":"<p>Le Ministre, Secr\u00e9taire G\u00e9n\u00e9ral du Conseil National de la S\u00e9curit\u00e9 de la R\u00e9publique du Congo, le vice-amiral Jean-Dominique Okemba a rendu hommage au Premier ministre ivoirien Hamed Bakayoko, le mardi 16 mars 2021 \u00e0 la primature. Le Vice-amiral Jean-Dominique Okemba a \u00e9crit dans le livre de condol\u00e9ances ouvert \u00e0 la primature: \u00ab Au nom du [&hellip;]<\/p>\n","protected":false},"author":3,"featured_media":25407,"comment_status":"closed","ping_status":"closed","sticky":false,"template":"","format":"standard","meta":{"_monsterinsights_skip_tracking":false,"_monsterinsights_sitenote_active":false,"_monsterinsights_sitenote_note":"","_monsterinsights_sitenote_category":0,"footnotes":""},"categories":[2,17],"tags":[67,715,1058],"class_list":["post-25406","post","type-post","status-publish","format-standard","has-post-thumbnail","hentry","category-featured","category-politique","tag-hamed-bakayoko","tag-hommage","tag-jean-dominique-okemba-congo"],"_links":{"self":[{"href":"https:\/\/www.lintelligentdabidjan.info\/news\/wp-json\/wp\/v2\/posts\/25406","targetHints":{"allow":["GET"]}}],"collection":[{"href":"https:\/\/www.lintelligentdabidjan.info\/news\/wp-json\/wp\/v2\/posts"}],"about":[{"href":"https:\/\/www.lintelligentdabidjan.info\/news\/wp-json\/wp\/v2\/types\/post"}],"author":[{"embeddable":true,"href":"https:\/\/www.lintelligentdabidjan.info\/news\/wp-json\/wp\/v2\/users\/3"}],"replies":[{"embeddable":true,"href":"https:\/\/www.lintelligentdabidjan.info\/news\/wp-json\/wp\/v2\/comments?post=25406"}],"version-history":[{"count":1,"href":"https:\/\/www.lintelligentdabidjan.info\/news\/wp-json\/wp\/v2\/posts\/25406\/revisions"}],"predecessor-version":[{"id":25408,"href":"https:\/\/www.lintelligentdabidjan.info\/news\/wp-json\/wp\/v2\/posts\/25406\/revisions\/25408"}],"wp:featuredmedia":[{"embeddable":true,"href":"https:\/\/www.lintelligentdabidjan.info\/news\/wp-json\/wp\/v2\/media\/25407"}],"wp:attachment":[{"href":"https:\/\/www.lintelligentdabidjan.info\/news\/wp-json\/wp\/v2\/media?parent=25406"}],"wp:term":[{"taxonomy":"category","embeddable":true,"href":"https:\/\/www.lintelligentdabidjan.info\/news\/wp-json\/wp\/v2\/categories?post=25406"},{"taxonomy":"post_tag","embeddable":true,"href":"https:\/\/www.lintelligentdabidjan.info\/news\/wp-json\/wp\/v2\/tags?post=25406"}],"curies":[{"name":"wp","href":"https:\/\/api.w.org\/{rel}","templated":true}]}}