{"id":25431,"date":"2021-03-19T02:19:55","date_gmt":"2021-03-19T01:19:55","guid":{"rendered":"https:\/\/www.lintelligentdabidjan.info\/news\/?p=25431"},"modified":"2021-03-19T02:20:29","modified_gmt":"2021-03-19T01:20:29","slug":"deces-du-premier-ministre-hamed-bakayoko-lagfp-appelle-les-jeunes-du-woroba-a-prendre-part-active-a-lorganisation","status":"publish","type":"post","link":"https:\/\/www.lintelligentdabidjan.info\/news\/deces-du-premier-ministre-hamed-bakayoko-lagfp-appelle-les-jeunes-du-woroba-a-prendre-part-active-a-lorganisation\/","title":{"rendered":"D\u00e9c\u00e8s du Premier ministre Hamed Bakayoko: L&#8217;AGFP appelle les jeunes du Woroba \u00e0 prendre part active \u00e0 l\u2019organisation"},"content":{"rendered":"<p><em><strong>L&#8217;Action G\u00e9n\u00e9ral Fall pour la Paix (AGFP) et son pr\u00e9sident Moustapha Fall multiplient des actions de sensibilisation depuis l\u2019annonce du d\u00e9c\u00e8s du Premier ministre Hamed Bakayoko afin que les jeunes du Worodougou  prennent  une part active \u00e0 l&#8217;organisation des obs\u00e8ques de Hambak  dans l&#8217;apaisement, la paix, la Coh\u00e9sion et la dignit\u00e9.<\/strong><\/em><\/p>\n<p>L&#8217;AGFP a d&#8217;abord rencontr\u00e9 le mardi 16 mars les sections AGFP Lymes et Gbinsso de S\u00e9gu\u00e9la en vue d&#8217;\u00e9tablir le programme des rencontres des jeunes des diff\u00e9rents secteurs de S\u00e9gu\u00e9la, pour une meilleure organisation des obs\u00e8ques du Premier ministre.<br \/>\nLe mercredi 17 Mars 2021, AGFP a eu une  rencontre successivement avec  la communaut\u00e9 chr\u00e9tienne \u00e9vang\u00e9lique du quartier Lymes, les sages de la communaut\u00e9 siwolo du quartier r\u00e9sidentiel, les jeunes du secteur Binat\u00e9, et les jeunes du secteur Djelissso.<br \/>\n&#8220;Nous vous demandons d\u2019\u00eatre forts et dignes dans la douleur, car Hambak \u00e9tait la lumi\u00e8re de tout le Woroba. Et sachons que seul Dieu est capable de faire mourir ou vivre. Prions pour le repos de son \u00e2me&#8221; a r\u00e9it\u00e9r\u00e9 le pr\u00e9sident l\u2019AGFP, Fall Moustapha lors des diff\u00e9rentes rencontres.<br \/>\nLe pr\u00e9sident de l&#8217;AGFP demande aux jeunes de S\u00e9gu\u00e9la, d&#8217;\u00eatre mobilis\u00e9s lors des diff\u00e9rentes \u00e9tapes des c\u00e9r\u00e9monies au Premier Ministre Hamed Bakayoko pour lui rendre un hommage m\u00e9morable.<br \/>\n<strong><br \/>\nT.A.B avec Sercom<\/strong><\/p>\n","protected":false},"excerpt":{"rendered":"<p>L&#8217;Action G\u00e9n\u00e9ral Fall pour la Paix (AGFP) et son pr\u00e9sident Moustapha Fall multiplient des actions de sensibilisation depuis l\u2019annonce du d\u00e9c\u00e8s du Premier ministre Hamed Bakayoko afin que les jeunes du Worodougou prennent une part active \u00e0 l&#8217;organisation des obs\u00e8ques de Hambak dans l&#8217;apaisement, la paix, la Coh\u00e9sion et la dignit\u00e9. L&#8217;AGFP a d&#8217;abord rencontr\u00e9 [&hellip;]<\/p>\n","protected":false},"author":3,"featured_media":25432,"comment_status":"closed","ping_status":"closed","sticky":false,"template":"","format":"standard","meta":{"_monsterinsights_skip_tracking":false,"_monsterinsights_sitenote_active":false,"_monsterinsights_sitenote_note":"","_monsterinsights_sitenote_category":0,"footnotes":""},"categories":[2,17],"tags":[67,715,1060],"class_list":["post-25431","post","type-post","status-publish","format-standard","has-post-thumbnail","hentry","category-featured","category-politique","tag-hamed-bakayoko","tag-hommage","tag-moustapha-fall"],"_links":{"self":[{"href":"https:\/\/www.lintelligentdabidjan.info\/news\/wp-json\/wp\/v2\/posts\/25431","targetHints":{"allow":["GET"]}}],"collection":[{"href":"https:\/\/www.lintelligentdabidjan.info\/news\/wp-json\/wp\/v2\/posts"}],"about":[{"href":"https:\/\/www.lintelligentdabidjan.info\/news\/wp-json\/wp\/v2\/types\/post"}],"author":[{"embeddable":true,"href":"https:\/\/www.lintelligentdabidjan.info\/news\/wp-json\/wp\/v2\/users\/3"}],"replies":[{"embeddable":true,"href":"https:\/\/www.lintelligentdabidjan.info\/news\/wp-json\/wp\/v2\/comments?post=25431"}],"version-history":[{"count":1,"href":"https:\/\/www.lintelligentdabidjan.info\/news\/wp-json\/wp\/v2\/posts\/25431\/revisions"}],"predecessor-version":[{"id":25433,"href":"https:\/\/www.lintelligentdabidjan.info\/news\/wp-json\/wp\/v2\/posts\/25431\/revisions\/25433"}],"wp:featuredmedia":[{"embeddable":true,"href":"https:\/\/www.lintelligentdabidjan.info\/news\/wp-json\/wp\/v2\/media\/25432"}],"wp:attachment":[{"href":"https:\/\/www.lintelligentdabidjan.info\/news\/wp-json\/wp\/v2\/media?parent=25431"}],"wp:term":[{"taxonomy":"category","embeddable":true,"href":"https:\/\/www.lintelligentdabidjan.info\/news\/wp-json\/wp\/v2\/categories?post=25431"},{"taxonomy":"post_tag","embeddable":true,"href":"https:\/\/www.lintelligentdabidjan.info\/news\/wp-json\/wp\/v2\/tags?post=25431"}],"curies":[{"name":"wp","href":"https:\/\/api.w.org\/{rel}","templated":true}]}}