{"id":25448,"date":"2021-03-22T01:19:51","date_gmt":"2021-03-22T00:19:51","guid":{"rendered":"https:\/\/www.lintelligentdabidjan.info\/news\/?p=25448"},"modified":"2021-03-22T01:19:51","modified_gmt":"2021-03-22T00:19:51","slug":"bouake-des-membres-de-la-jpad-organisent-une-procession-pour-le-repos-de-lame-dhamed-bakayoko","status":"publish","type":"post","link":"https:\/\/www.lintelligentdabidjan.info\/news\/bouake-des-membres-de-la-jpad-organisent-une-procession-pour-le-repos-de-lame-dhamed-bakayoko\/","title":{"rendered":"Bouak\u00e9-  Des membres de la Jpad organisent une procession pour le repos de l&#8217;\u00e2me d&#8217;Hamed Bakayoko"},"content":{"rendered":"<p><em><strong>V\u00eatus de blanc, des jeunes surnomm\u00e9s &#8220;Chinois&#8221;, et appartenant \u00e0 la Jeunesse Panafricaine D\u00e9mocrate (JPAD), ont organis\u00e9 samedi 20 mars 2021,  une procession fun\u00e9raire en hommage \u00e0 Hamed Bakayoko, d\u00e9funt premier ministre ivoirien mort le 10 mars 2021 en Allemagne.<\/strong><\/em><\/p>\n<p>La procession ou marche priante pour le repos de l&#8217;\u00e2me du Premier ministre Hamed Bakayoko, s&#8217;est d\u00e9roul\u00e9e \u00e0 Bouak\u00e9 sur le tron\u00e7on partant du boulevard du Palais du Carnaval au si\u00e8ge r\u00e9gional du Rassemblement des Houphou\u00ebtistes pour la D\u00e9mocratie et la Paix (RHDP).<br \/>\nJustifiant l&#8217;hommage, Sylla Souma\u00efla alias Chado Walker, pr\u00e9sident international de la JPAD, a indiqu\u00e9 qu\u2019 Hamed Bakayoko \u00e9tait un symbole pour les jeunes. &#8220;Il soutenait plusieurs associations et mouvement de jeunesse dont la JPAD. Face \u00e0 cette disparition aujourd&#8217;hui \u00e0 laquelle nous ne nous attendons vraiment pas, nous sommes effondr\u00e9s et totalement d\u00e9courag\u00e9s&#8221;, a affirm\u00e9 Chado Walker qui a demand\u00e9 au pr\u00e9sident de la R\u00e9publique Alassane Ouattara de rester debout pour la C\u00f4te d&#8217;Ivoire et les ivoiriens.<br \/>\nApr\u00e8s environ une heure de marche, une c\u00e9r\u00e9monie de pri\u00e8re pour le repos de l&#8217;\u00e2me du disparu appel\u00e9 affectueusement &#8220;Le Golden Boy&#8221;, a mis fin \u00e0 la procession mortuaire.<br \/>\n\u00ab Perdre une personnalit\u00e9 de la trempe du premier ministre Hamed Bakayoko est une chose assez douloureuse. Je remercie la JPAD et son pr\u00e9sident pour cette activit\u00e9 organis\u00e9e ce jour pour le repos de l&#8217;\u00e2me du d\u00e9funt. L&#8217;humilit\u00e9 qui a pr\u00e9valu tout le long de la vie du premier ministre Hamed Bakayoko, doit pouvoir nous inspirer nous tous. J&#8217;invite toute la jeunesse \u00e0 l&#8217;humilit\u00e9\u00bb a pour sa part, exhort\u00e9 ma\u00eetre Kon\u00e9 Yaya, directeur g\u00e9n\u00e9ral du si\u00e8ge r\u00e9gional des Houphou\u00ebtistes, qui repr\u00e9sentait le ministre Amadou Kon\u00e9 \u00e0 cette activit\u00e9.<br \/>\nC&#8217;est en larmes, apr\u00e8s cette procession, que certains jeunes de la JPAD, ont regagn\u00e9 leur domicile.<\/p>\n<p><strong>Avec Sercom<\/strong><\/p>\n","protected":false},"excerpt":{"rendered":"<p>V\u00eatus de blanc, des jeunes surnomm\u00e9s &#8220;Chinois&#8221;, et appartenant \u00e0 la Jeunesse Panafricaine D\u00e9mocrate (JPAD), ont organis\u00e9 samedi 20 mars 2021, une procession fun\u00e9raire en hommage \u00e0 Hamed Bakayoko, d\u00e9funt premier ministre ivoirien mort le 10 mars 2021 en Allemagne. La procession ou marche priante pour le repos de l&#8217;\u00e2me du Premier ministre Hamed Bakayoko, [&hellip;]<\/p>\n","protected":false},"author":3,"featured_media":25449,"comment_status":"closed","ping_status":"closed","sticky":false,"template":"","format":"standard","meta":{"_monsterinsights_skip_tracking":false,"_monsterinsights_sitenote_active":false,"_monsterinsights_sitenote_note":"","_monsterinsights_sitenote_category":0,"footnotes":""},"categories":[2,17],"tags":[125,67,870],"class_list":["post-25448","post","type-post","status-publish","format-standard","has-post-thumbnail","hentry","category-featured","category-politique","tag-bouake","tag-hamed-bakayoko","tag-jpad"],"_links":{"self":[{"href":"https:\/\/www.lintelligentdabidjan.info\/news\/wp-json\/wp\/v2\/posts\/25448","targetHints":{"allow":["GET"]}}],"collection":[{"href":"https:\/\/www.lintelligentdabidjan.info\/news\/wp-json\/wp\/v2\/posts"}],"about":[{"href":"https:\/\/www.lintelligentdabidjan.info\/news\/wp-json\/wp\/v2\/types\/post"}],"author":[{"embeddable":true,"href":"https:\/\/www.lintelligentdabidjan.info\/news\/wp-json\/wp\/v2\/users\/3"}],"replies":[{"embeddable":true,"href":"https:\/\/www.lintelligentdabidjan.info\/news\/wp-json\/wp\/v2\/comments?post=25448"}],"version-history":[{"count":1,"href":"https:\/\/www.lintelligentdabidjan.info\/news\/wp-json\/wp\/v2\/posts\/25448\/revisions"}],"predecessor-version":[{"id":25450,"href":"https:\/\/www.lintelligentdabidjan.info\/news\/wp-json\/wp\/v2\/posts\/25448\/revisions\/25450"}],"wp:featuredmedia":[{"embeddable":true,"href":"https:\/\/www.lintelligentdabidjan.info\/news\/wp-json\/wp\/v2\/media\/25449"}],"wp:attachment":[{"href":"https:\/\/www.lintelligentdabidjan.info\/news\/wp-json\/wp\/v2\/media?parent=25448"}],"wp:term":[{"taxonomy":"category","embeddable":true,"href":"https:\/\/www.lintelligentdabidjan.info\/news\/wp-json\/wp\/v2\/categories?post=25448"},{"taxonomy":"post_tag","embeddable":true,"href":"https:\/\/www.lintelligentdabidjan.info\/news\/wp-json\/wp\/v2\/tags?post=25448"}],"curies":[{"name":"wp","href":"https:\/\/api.w.org\/{rel}","templated":true}]}}