{"id":25451,"date":"2021-03-22T01:23:20","date_gmt":"2021-03-22T00:23:20","guid":{"rendered":"https:\/\/www.lintelligentdabidjan.info\/news\/?p=25451"},"modified":"2021-03-22T01:23:37","modified_gmt":"2021-03-22T00:23:37","slug":"cavally-mobilisation-populaire-pour-un-hommage-a-hamed-bakayoko","status":"publish","type":"post","link":"https:\/\/www.lintelligentdabidjan.info\/news\/cavally-mobilisation-populaire-pour-un-hommage-a-hamed-bakayoko\/","title":{"rendered":"Cavally &#8211; Mobilisation populaire pour un hommage \u00e0 Hamed Bakayoko"},"content":{"rendered":"<p><em><strong>Du samedi 20 au dimanche 21 mars 2021, les populations de la r\u00e9gion Cavally ont organis\u00e9, dans la cour du Conseil r\u00e9gional du Cavally, une nuit d&#8217;hommage populaire et de pri\u00e8res \u00e0 la m\u00e9moire  du Premier   ministre Hamed Bakayoko.<\/strong><\/em><\/p>\n<p>\u00c0 l&#8217;entame de cette c\u00e9r\u00e9monie d&#8217;hommage,  l&#8217;imam Bamba Souleymane a fait des pri\u00e8res pour le repos de l&#8217;\u00e2me du d\u00e9funt, le Premier ministre Hamed Bakayoko. Sous l&#8217;impulsion  et le soutien financier de la ministre Anne D\u00e9sir\u00e9e Ouloto, pr\u00e9sidente du conseil  r\u00e9gional  du Cavally, tous les jeunes venus des quatre d\u00e9partements (Ta\u00ef, Blolequin, Toulepleu et Guiglo) et des jeunes des diff\u00e9rents partis politiques, toutes tendances confondues  ainsi que de  la soci\u00e9t\u00e9 civile de la r\u00e9gion du Cavally se sont  mobilis\u00e9s pour rendre hommage \u00e0 Hambak. Ils  se sont  prononc\u00e9, tour \u00e0 tour, pour c\u00e9l\u00e9brer la m\u00e9moire  du d\u00e9funt, ses bienfaits en faveur  \u00e0 la nation, de la jeunesse de C\u00f4te d&#8217;Ivoire, en g\u00e9n\u00e9ral et celle du Cavally, en particulier. Gnan M\u00fcller Charles, pr\u00e9sident et porte-parole de la jeunesse RHDP du d\u00e9partement de Toulepleu a indiqu\u00e9 que : \u00ab Depuis que nous nous sommes frapp\u00e9s par ce deuil  en C\u00f4te d&#8217;Ivoire, la jeunesse du Cavally  ne pouvait pas rester en marge, parce qu\u2019entre nous et Hamed Bakayoko, il y avait un compromis. C&#8217;est pourquoi, quand on a appris sa mort, avec l&#8217;accord de la ministre Anne D\u00e9sir\u00e9e Ouloto, pr\u00e9sidente de la r\u00e9gion du Cavally, nous avons d\u00e9cid\u00e9 d&#8217;organiser une nuit d&#8217;hommage et de pri\u00e8res pour le repos de son \u00e2me en paix. On se pr\u00e9parait en cons\u00e9quence pour pouvoir  inviter  le Premier ministre Hamed Bakayoko chez nous, mais h\u00e9las \u00bb. Quant \u00e0 Vouho Olivier, pr\u00e9sident r\u00e9gional de la jeunesse RHDP du Cavally, il a conclu  pour dire \u00e0 sa jeunesse : \u00ab Nous sommes rest\u00e9s orphelins, mais c\u2019est le temps de prendre notre courage et notre destin en main, car Hamed Bakayoko nous a enseign\u00e9 les valeurs de courage, la responsabilit\u00e9 et le travail\u00bb.<br \/>\n<strong><br \/>\nKonhon Dominique,<br \/>\ncorrespondant r\u00e9gional dans le Cavally<\/strong><\/p>\n","protected":false},"excerpt":{"rendered":"<p>Du samedi 20 au dimanche 21 mars 2021, les populations de la r\u00e9gion Cavally ont organis\u00e9, dans la cour du Conseil r\u00e9gional du Cavally, une nuit d&#8217;hommage populaire et de pri\u00e8res \u00e0 la m\u00e9moire du Premier ministre Hamed Bakayoko. \u00c0 l&#8217;entame de cette c\u00e9r\u00e9monie d&#8217;hommage, l&#8217;imam Bamba Souleymane a fait des pri\u00e8res pour le repos [&hellip;]<\/p>\n","protected":false},"author":3,"featured_media":25452,"comment_status":"closed","ping_status":"closed","sticky":false,"template":"","format":"standard","meta":{"_monsterinsights_skip_tracking":false,"_monsterinsights_sitenote_active":false,"_monsterinsights_sitenote_note":"","_monsterinsights_sitenote_category":0,"footnotes":""},"categories":[2,17],"tags":[712,67],"class_list":["post-25451","post","type-post","status-publish","format-standard","has-post-thumbnail","hentry","category-featured","category-politique","tag-cavally","tag-hamed-bakayoko"],"_links":{"self":[{"href":"https:\/\/www.lintelligentdabidjan.info\/news\/wp-json\/wp\/v2\/posts\/25451","targetHints":{"allow":["GET"]}}],"collection":[{"href":"https:\/\/www.lintelligentdabidjan.info\/news\/wp-json\/wp\/v2\/posts"}],"about":[{"href":"https:\/\/www.lintelligentdabidjan.info\/news\/wp-json\/wp\/v2\/types\/post"}],"author":[{"embeddable":true,"href":"https:\/\/www.lintelligentdabidjan.info\/news\/wp-json\/wp\/v2\/users\/3"}],"replies":[{"embeddable":true,"href":"https:\/\/www.lintelligentdabidjan.info\/news\/wp-json\/wp\/v2\/comments?post=25451"}],"version-history":[{"count":1,"href":"https:\/\/www.lintelligentdabidjan.info\/news\/wp-json\/wp\/v2\/posts\/25451\/revisions"}],"predecessor-version":[{"id":25453,"href":"https:\/\/www.lintelligentdabidjan.info\/news\/wp-json\/wp\/v2\/posts\/25451\/revisions\/25453"}],"wp:featuredmedia":[{"embeddable":true,"href":"https:\/\/www.lintelligentdabidjan.info\/news\/wp-json\/wp\/v2\/media\/25452"}],"wp:attachment":[{"href":"https:\/\/www.lintelligentdabidjan.info\/news\/wp-json\/wp\/v2\/media?parent=25451"}],"wp:term":[{"taxonomy":"category","embeddable":true,"href":"https:\/\/www.lintelligentdabidjan.info\/news\/wp-json\/wp\/v2\/categories?post=25451"},{"taxonomy":"post_tag","embeddable":true,"href":"https:\/\/www.lintelligentdabidjan.info\/news\/wp-json\/wp\/v2\/tags?post=25451"}],"curies":[{"name":"wp","href":"https:\/\/api.w.org\/{rel}","templated":true}]}}