{"id":25460,"date":"2021-03-23T00:05:54","date_gmt":"2021-03-22T23:05:54","guid":{"rendered":"https:\/\/www.lintelligentdabidjan.info\/news\/?p=25460"},"modified":"2021-03-23T00:10:28","modified_gmt":"2021-03-22T23:10:28","slug":"3eme-edition-foire-de-la-cedeao-et-des-pays-amis-ce-qui-est-prevu","status":"publish","type":"post","link":"https:\/\/www.lintelligentdabidjan.info\/news\/3eme-edition-foire-de-la-cedeao-et-des-pays-amis-ce-qui-est-prevu\/","title":{"rendered":"3\u00e8me \u00e9dition Foire de la Cedeao et des pays-amis Ce qui est pr\u00e9vu"},"content":{"rendered":"<p><em><strong>\u00c0 l&#8217;occasion d&#8217;une conf\u00e9rence de presse le mardi 16 mars 2021 dans un h\u00f4tel d&#8217;Abidjan-Plateau, le commissaire g\u00e9n\u00e9ral de la Foire de la Cedeao et des pays-amis, Ejarkaminor Sylvester Riicolins, a annonc\u00e9 que la 3\u00e8me \u00e9dition de cette foire aura lieu du 1er au 12 avril 2021 au Grand h\u00f4tel d&#8217;Abidjan-Plateau et donn\u00e9 des pr\u00e9cisions sur ce qui est pr\u00e9vu lors de cette \u00e9dition.<\/strong><\/em><\/p>\n<p>Selon Ejarkaminor Sylvester Riicolins, commissaire g\u00e9n\u00e9ral, cette 3\u00e8me \u00e9dition de la Foire de la Cedeao et des pays-amis se tiendra sur le th\u00e8me : \u00abLe sch\u00e9ma de la lib\u00e9ralisation des \u00e9changes des pays de la Cedeao, un v\u00e9ritable outil d&#8217;int\u00e9gration des peuples\u00bb. Elle aura pour invit\u00e9 d&#8217;honneur, le Burkina Faso. L&#8217;\u00e9dition 3 sera meubl\u00e9e d&#8217;expositions avec environ 90 exposants, de rencontres B to B, de panels, de prix sectoriels et une vir\u00e9e nocturne d\u00e9nomm\u00e9e &#8220;Abidjan by night&#8221;. Comme innovation, les organisateurs lanceront un magazine sp\u00e9cialement d\u00e9di\u00e9 \u00e0 la foire, et d&#8217;un prix d&#8217;excellence. Le Burkina Faso, en tant que pays \u00e0 l\u2019honneur, une journ\u00e9e enti\u00e8re lui sera d\u00e9di\u00e9e. \u00ab La Foire de la Cedeao a \u00e9t\u00e9 suscit\u00e9e par les activit\u00e9s des forums du Nigeria et de la C\u00f4te d&#8217;Ivoire. Lorsque nous avons fait un forum du Comment obtenir le sch\u00e9ma de la lib\u00e9ralisation de la Cedeao, certaines questions ont \u00e9t\u00e9 pos\u00e9es. Dans l&#8217;optique de r\u00e9unir tout ce peuple, nous avons eu l&#8217;id\u00e9e de la Foire de la Cedeao et des pays amis\u00bb, a r\u00e9v\u00e9l\u00e9 le commissaire g\u00e9n\u00e9ral. Selon lui, la foire a un objectif d&#8217;int\u00e9gration des peuples de la Cedeao. Cette foire, qui est \u00e0 sa 3 \u00e8me \u00e9dition, est tournante. Il a invit\u00e9 les participants \u00e0 se conformer aux r\u00e8gles sanitaires de la C\u00f4te d&#8217;Ivoire \u00e0 l&#8217;occasion de la foire.<\/p>\n<p><strong>MO avec KN<\/strong><\/p>\n","protected":false},"excerpt":{"rendered":"<p>\u00c0 l&#8217;occasion d&#8217;une conf\u00e9rence de presse le mardi 16 mars 2021 dans un h\u00f4tel d&#8217;Abidjan-Plateau, le commissaire g\u00e9n\u00e9ral de la Foire de la Cedeao et des pays-amis, Ejarkaminor Sylvester Riicolins, a annonc\u00e9 que la 3\u00e8me \u00e9dition de cette foire aura lieu du 1er au 12 avril 2021 au Grand h\u00f4tel d&#8217;Abidjan-Plateau et donn\u00e9 des pr\u00e9cisions [&hellip;]<\/p>\n","protected":false},"author":3,"featured_media":25461,"comment_status":"closed","ping_status":"closed","sticky":false,"template":"","format":"standard","meta":{"_monsterinsights_skip_tracking":false,"_monsterinsights_sitenote_active":false,"_monsterinsights_sitenote_note":"","_monsterinsights_sitenote_category":0,"footnotes":""},"categories":[2,1,20],"tags":[],"class_list":["post-25460","post","type-post","status-publish","format-standard","has-post-thumbnail","hentry","category-featured","category-actualites","category-art-et-culture"],"_links":{"self":[{"href":"https:\/\/www.lintelligentdabidjan.info\/news\/wp-json\/wp\/v2\/posts\/25460","targetHints":{"allow":["GET"]}}],"collection":[{"href":"https:\/\/www.lintelligentdabidjan.info\/news\/wp-json\/wp\/v2\/posts"}],"about":[{"href":"https:\/\/www.lintelligentdabidjan.info\/news\/wp-json\/wp\/v2\/types\/post"}],"author":[{"embeddable":true,"href":"https:\/\/www.lintelligentdabidjan.info\/news\/wp-json\/wp\/v2\/users\/3"}],"replies":[{"embeddable":true,"href":"https:\/\/www.lintelligentdabidjan.info\/news\/wp-json\/wp\/v2\/comments?post=25460"}],"version-history":[{"count":1,"href":"https:\/\/www.lintelligentdabidjan.info\/news\/wp-json\/wp\/v2\/posts\/25460\/revisions"}],"predecessor-version":[{"id":25462,"href":"https:\/\/www.lintelligentdabidjan.info\/news\/wp-json\/wp\/v2\/posts\/25460\/revisions\/25462"}],"wp:featuredmedia":[{"embeddable":true,"href":"https:\/\/www.lintelligentdabidjan.info\/news\/wp-json\/wp\/v2\/media\/25461"}],"wp:attachment":[{"href":"https:\/\/www.lintelligentdabidjan.info\/news\/wp-json\/wp\/v2\/media?parent=25460"}],"wp:term":[{"taxonomy":"category","embeddable":true,"href":"https:\/\/www.lintelligentdabidjan.info\/news\/wp-json\/wp\/v2\/categories?post=25460"},{"taxonomy":"post_tag","embeddable":true,"href":"https:\/\/www.lintelligentdabidjan.info\/news\/wp-json\/wp\/v2\/tags?post=25460"}],"curies":[{"name":"wp","href":"https:\/\/api.w.org\/{rel}","templated":true}]}}