{"id":25489,"date":"2021-03-30T02:22:17","date_gmt":"2021-03-30T00:22:17","guid":{"rendered":"https:\/\/www.lintelligentdabidjan.info\/news\/?p=25489"},"modified":"2021-03-30T02:22:17","modified_gmt":"2021-03-30T00:22:17","slug":"daloa-le-president-alassane-ouattara-offre-des-vives-et-non-vivres-a-la-communaute-catholique","status":"publish","type":"post","link":"https:\/\/www.lintelligentdabidjan.info\/news\/daloa-le-president-alassane-ouattara-offre-des-vives-et-non-vivres-a-la-communaute-catholique\/","title":{"rendered":"Daloa Le pr\u00e9sident Alassane Ouattara offre des vives et non vivres \u00e0 la communaut\u00e9 catholique"},"content":{"rendered":"<p><em><strong>Le pr\u00e9sident de la R\u00e9publique Alassane Ouattara a offert  aux diff\u00e9rents responsables de l&#8217;\u00e9glise catholique   de la r\u00e9gion du Haut-Sassandra des dons compos\u00e9s de vivres et non vivres  le dimanche 28 mars 2021,  par l\u2019entremise de  la secr\u00e9taire d&#8217;\u00c9tat aupr\u00e8s du garde des Sceaux, Aim\u00e9e Z\u00e9b\u00e9youx<\/strong><\/em><\/p>\n<p>D&#8217;un co\u00fbt global de trois millions de franc CFA, ces dons sont compos\u00e9s entre autres de sacs de riz, de cartons d\u2019huile de cinq litres, de cartons de p\u00e2te alimentaire, de sacs de sel, de cartons de sucre, de carton de lait, de cartons de poudre de chocolat et de cartons de Nescaf\u00e9 destin\u00e9s \u00e0 la caritas et aux s\u00e9minaires.<br \/>\nSelon la secr\u00e9taire d&#8217;\u00c9tat aupr\u00e8s du garde des Sceaux, Aim\u00e9e Z\u00e9b\u00e9youx, ce geste est l\u2019expression du soutien du Chef de l\u2019\u00c9tat Alassane Ouattara \u00e0 la communaut\u00e9 catholique en cette p\u00e9riode de je\u00fbne.<br \/>\n &#8221; \u00c0 travers ces dons, le pr\u00e9sident Alassane Ouattara veut vous apporter son amour en cette p\u00e9riode de car\u00eame &#8221; , a dit le mandataire du Chef de l&#8217;\u00c9tat, ajoutant que le pr\u00e9sident Alassane Ouattara veut que la communaut\u00e9 catholique vive dans la qui\u00e9tude son je\u00fbne.<br \/>\nAffirmant \u00e9galement que la C\u00f4te d&#8217;Ivoire a connu une ann\u00e9e particuli\u00e8re, elle a indiqu\u00e9 que la politique partisane ou la politique politicienne ne devrait pas d\u00e9tourner les ivoiriens de ces valeurs essentiellement indispensables \u00e0 la coh\u00e9sion sociale et au vivre-ensemble pour une paix durable en C\u00f4te d&#8217;Ivoire.<br \/>\nR\u00e9ceptionnant ces dons, au nom de Monseigneur Marcelin Yao, \u00e9v\u00eaque du dioc\u00e8se de Daloa, le R\u00e9v\u00e9rend p\u00e8re Rodrigue Akatchi a traduit la gratitude et la reconnaissance de la communaut\u00e9 catholique du dioc\u00e8se de Daloa au pr\u00e9sident Alassane Ouattara.<br \/>\n\u00c0 en croire ce dernier, c\u2019est un geste qui vient d\u00e9montrer la solidarit\u00e9 du pr\u00e9sident de la R\u00e9publique \u00e0 la communaut\u00e9 catholique. <\/p>\n<p><strong>Beker Yao \u00e0 Daloa<\/strong><\/p>\n","protected":false},"excerpt":{"rendered":"<p>Le pr\u00e9sident de la R\u00e9publique Alassane Ouattara a offert aux diff\u00e9rents responsables de l&#8217;\u00e9glise catholique de la r\u00e9gion du Haut-Sassandra des dons compos\u00e9s de vivres et non vivres le dimanche 28 mars 2021, par l\u2019entremise de la secr\u00e9taire d&#8217;\u00c9tat aupr\u00e8s du garde des Sceaux, Aim\u00e9e Z\u00e9b\u00e9youx D&#8217;un co\u00fbt global de trois millions de franc CFA, [&hellip;]<\/p>\n","protected":false},"author":3,"featured_media":25490,"comment_status":"closed","ping_status":"closed","sticky":false,"template":"","format":"standard","meta":{"_monsterinsights_skip_tracking":false,"_monsterinsights_sitenote_active":false,"_monsterinsights_sitenote_note":"","_monsterinsights_sitenote_category":0,"footnotes":""},"categories":[2,17,3],"tags":[39,1069,1068,1067],"class_list":["post-25489","post","type-post","status-publish","format-standard","has-post-thumbnail","hentry","category-featured","category-politique","category-societe","tag-alassane-ouattara","tag-communaute-catholique","tag-non-vivres","tag-vives"],"_links":{"self":[{"href":"https:\/\/www.lintelligentdabidjan.info\/news\/wp-json\/wp\/v2\/posts\/25489","targetHints":{"allow":["GET"]}}],"collection":[{"href":"https:\/\/www.lintelligentdabidjan.info\/news\/wp-json\/wp\/v2\/posts"}],"about":[{"href":"https:\/\/www.lintelligentdabidjan.info\/news\/wp-json\/wp\/v2\/types\/post"}],"author":[{"embeddable":true,"href":"https:\/\/www.lintelligentdabidjan.info\/news\/wp-json\/wp\/v2\/users\/3"}],"replies":[{"embeddable":true,"href":"https:\/\/www.lintelligentdabidjan.info\/news\/wp-json\/wp\/v2\/comments?post=25489"}],"version-history":[{"count":1,"href":"https:\/\/www.lintelligentdabidjan.info\/news\/wp-json\/wp\/v2\/posts\/25489\/revisions"}],"predecessor-version":[{"id":25491,"href":"https:\/\/www.lintelligentdabidjan.info\/news\/wp-json\/wp\/v2\/posts\/25489\/revisions\/25491"}],"wp:featuredmedia":[{"embeddable":true,"href":"https:\/\/www.lintelligentdabidjan.info\/news\/wp-json\/wp\/v2\/media\/25490"}],"wp:attachment":[{"href":"https:\/\/www.lintelligentdabidjan.info\/news\/wp-json\/wp\/v2\/media?parent=25489"}],"wp:term":[{"taxonomy":"category","embeddable":true,"href":"https:\/\/www.lintelligentdabidjan.info\/news\/wp-json\/wp\/v2\/categories?post=25489"},{"taxonomy":"post_tag","embeddable":true,"href":"https:\/\/www.lintelligentdabidjan.info\/news\/wp-json\/wp\/v2\/tags?post=25489"}],"curies":[{"name":"wp","href":"https:\/\/api.w.org\/{rel}","templated":true}]}}