{"id":25512,"date":"2021-04-02T01:20:08","date_gmt":"2021-04-01T23:20:08","guid":{"rendered":"https:\/\/www.lintelligentdabidjan.info\/news\/?p=25512"},"modified":"2021-04-02T01:24:00","modified_gmt":"2021-04-01T23:24:00","slug":"3eme-edition-de-la-foire-de-la-cedeao-et-des-pays-amis-plus-de-90-exposants-attendus","status":"publish","type":"post","link":"https:\/\/www.lintelligentdabidjan.info\/news\/3eme-edition-de-la-foire-de-la-cedeao-et-des-pays-amis-plus-de-90-exposants-attendus\/","title":{"rendered":"3\u00e8me \u00e9dition de la Foire de la Cedeao et des pays amis Plus de 90 exposants attendus"},"content":{"rendered":"<p><em><strong>Le jeudi 1er avril 2021 au Grand h\u00f4tel d&#8217;Abidjan-Plateau, \u00e0 l&#8217;occasion de l&#8217;ouverture de la 3\u00e8me \u00e9dition de la Foire de la Cedeao et des pays amis qui aura lieu du 1er au 12 avril 2021 sur le th\u00e8me : \u00ab  Le sch\u00e9ma de la lib\u00e9ralisation des \u00e9changes des pays de la Cedeao, un v\u00e9ritable outil d&#8217;int\u00e9gration des peuples\u00bb, le commissaire g\u00e9n\u00e9ral, Ejarkaminor Sylvester a indiqu\u00e9 que l&#8217;objectif de la foire est de promouvoir l&#8217;int\u00e9gration \u00e9conomique dans l&#8217;espace Cedeao et que plus de 90 exposants sont attendus. <\/strong><\/em><\/p>\n<p>\u00ab L&#8217;objectif de la Foire de la Cedeao et des pays amis est l&#8217;int\u00e9gration \u00e9conomique africaine. Renforcer cette int\u00e9gration int\u00e9gration \u00e9conomique dans l&#8217;espace de la Cedeao\u00bb, a indiqu\u00e9 le commissaire g\u00e9n\u00e9ral de la foire, Ejarkaminor Sylvester. Cette 3\u00e8me \u00e9dition aura lieu du 1er au 12 avril 2021 avec environ 90 exposants venus de divers pays de la Communaut\u00e9 \u00e9conomique des \u00c9tats de l&#8217;Afrique de l&#8217;Ouest (Cedeao). Elle sera meubl\u00e9e de rencontres B to B, de panels, de prix sectoriels et une vir\u00e9e nocturne d\u00e9nomm\u00e9e &#8220;Abidjan by night&#8221;.<br \/>\nRepr\u00e9sentant le Burkina Faso, pays invit\u00e9 d&#8217;honneur, Augustin Bambara, directeur de cabinet du ministre de l&#8217;Industrie, du Commerce et de l&#8217;Artisanat du Burkina Faso, a indiqu\u00e9 : \u00abIl y a une vingtaine d&#8217;exposants qui sont venus du Burkina. La pr\u00e9sence des exposants s&#8217;inscrit dans leur soif de renouer avec la croissance et une reprise d&#8217;activit\u00e9 qui va nous permettre de renforcer notre d\u00e9veloppement. Il s&#8217;agit \u00e9galement de faire la promotion de nos produits locaux. Nous consommons africain parce que c&#8217;est l&#8217;un des leviers sur lesquels nous devons nous appuyer pour atteindre notre d\u00e9veloppement. Actuellement, la politique du gouvernement du Burkina Faso, c&#8217;est la promotion de nos produits locaux. De ce point de vue, nous avons des artisans qui vont exposer\u00bb. La c\u00e9r\u00e9monie a pris fin par une visite guid\u00e9e des stands d&#8217;exposition. La c\u00e9r\u00e9monie a eu lieu en pr\u00e9sence de Benjamin Nana, consul g\u00e9n\u00e9ral du Burkina Faso, et de T\u00e9tialy Eug\u00e9nie, conseill\u00e8re municipale repr\u00e9sentant le maire de la commune du Plateau.<br \/>\n<strong><br \/>\nMO avec KN<\/strong><\/p>\n","protected":false},"excerpt":{"rendered":"<p>Le jeudi 1er avril 2021 au Grand h\u00f4tel d&#8217;Abidjan-Plateau, \u00e0 l&#8217;occasion de l&#8217;ouverture de la 3\u00e8me \u00e9dition de la Foire de la Cedeao et des pays amis qui aura lieu du 1er au 12 avril 2021 sur le th\u00e8me : \u00ab Le sch\u00e9ma de la lib\u00e9ralisation des \u00e9changes des pays de la Cedeao, un v\u00e9ritable [&hellip;]<\/p>\n","protected":false},"author":3,"featured_media":25513,"comment_status":"closed","ping_status":"closed","sticky":false,"template":"","format":"standard","meta":{"_monsterinsights_skip_tracking":false,"_monsterinsights_sitenote_active":false,"_monsterinsights_sitenote_note":"","_monsterinsights_sitenote_category":0,"footnotes":""},"categories":[2,1,3],"tags":[],"class_list":["post-25512","post","type-post","status-publish","format-standard","has-post-thumbnail","hentry","category-featured","category-actualites","category-societe"],"_links":{"self":[{"href":"https:\/\/www.lintelligentdabidjan.info\/news\/wp-json\/wp\/v2\/posts\/25512","targetHints":{"allow":["GET"]}}],"collection":[{"href":"https:\/\/www.lintelligentdabidjan.info\/news\/wp-json\/wp\/v2\/posts"}],"about":[{"href":"https:\/\/www.lintelligentdabidjan.info\/news\/wp-json\/wp\/v2\/types\/post"}],"author":[{"embeddable":true,"href":"https:\/\/www.lintelligentdabidjan.info\/news\/wp-json\/wp\/v2\/users\/3"}],"replies":[{"embeddable":true,"href":"https:\/\/www.lintelligentdabidjan.info\/news\/wp-json\/wp\/v2\/comments?post=25512"}],"version-history":[{"count":1,"href":"https:\/\/www.lintelligentdabidjan.info\/news\/wp-json\/wp\/v2\/posts\/25512\/revisions"}],"predecessor-version":[{"id":25514,"href":"https:\/\/www.lintelligentdabidjan.info\/news\/wp-json\/wp\/v2\/posts\/25512\/revisions\/25514"}],"wp:featuredmedia":[{"embeddable":true,"href":"https:\/\/www.lintelligentdabidjan.info\/news\/wp-json\/wp\/v2\/media\/25513"}],"wp:attachment":[{"href":"https:\/\/www.lintelligentdabidjan.info\/news\/wp-json\/wp\/v2\/media?parent=25512"}],"wp:term":[{"taxonomy":"category","embeddable":true,"href":"https:\/\/www.lintelligentdabidjan.info\/news\/wp-json\/wp\/v2\/categories?post=25512"},{"taxonomy":"post_tag","embeddable":true,"href":"https:\/\/www.lintelligentdabidjan.info\/news\/wp-json\/wp\/v2\/tags?post=25512"}],"curies":[{"name":"wp","href":"https:\/\/api.w.org\/{rel}","templated":true}]}}