{"id":25528,"date":"2021-04-06T02:24:03","date_gmt":"2021-04-06T00:24:03","guid":{"rendered":"https:\/\/www.lintelligentdabidjan.info\/news\/?p=25528"},"modified":"2021-04-06T02:24:28","modified_gmt":"2021-04-06T00:24:28","slug":"cooperation-nord-sud-long-solidarite-japon-cote-divoire-voit-le-jour","status":"publish","type":"post","link":"https:\/\/www.lintelligentdabidjan.info\/news\/cooperation-nord-sud-long-solidarite-japon-cote-divoire-voit-le-jour\/","title":{"rendered":"Coop\u00e9ration Nord-Sud L\u2019Ong solidarit\u00e9 Japon-C\u00f4te d\u2019Ivoire voit le jour"},"content":{"rendered":"<p><em><strong>Sako Lancin\u00e9, pr\u00e9sident de l&#8217;Ong solidarit\u00e9 Japon-Cote d\u2019Ivoire a proc\u00e9d\u00e9 au lancement des activit\u00e9s marquant l&#8217;implantation de son Ong en C\u00f4te d&#8217;Ivoire lors d\u2019une conf\u00e9rence de presse   le jeudi 1er avril 2021 \u00e0 Abidjan-Cocody les deux Plateaux. <\/strong><\/em><\/p>\n<p>\u00ab Dans un souci de contribuer au d\u00e9veloppement des relations entre la C\u00f4te d&#8217;Ivoire et le Japon, nous avons d\u00e9cid\u00e9 \u00e0 travers la cr\u00e9ation de cette Ong de promouvoir la culture japonaise aupr\u00e8s de nos fr\u00e8res ivoiriens. Le Japon \u00e9tant un pays qui inspire, nous pensons que le Japon est donc un mod\u00e8le de d\u00e9veloppement que la C\u00f4te d&#8217;Ivoire doit copier. Nous devons donc  \u00eatre capables \u00e0 travers cette Ong  de promouvoir aupr\u00e8s des populations ivoiriennes la langue et la culture japonaises, promouvoir l&#8217;\u00e9ducation des enfants \u00e0 travers une coop\u00e9ration pour le renforcement des capacit\u00e9s humaines , collecter et distribuer des dons de produits d&#8217;usage quotidien en provenance du Japon, construire des r\u00e9seaux avec les organismes africains tels que les organisations non gouvernementales , les organismes sans but lucratif  \u00bb, a expliqu\u00e9 Sako Lancin\u00e9, pr\u00e9sident de l&#8217;Ong solidarit\u00e9 Japon-C\u00f4te d&#8217;Ivoire sur les choix qui ont motiv\u00e9 la cr\u00e9ation de l&#8217;Ong. Selon Oswald Kouam\u00e9,  vice-pr\u00e9sident de cette organisation, l&#8217;Ong solidarit\u00e9 Japon-C\u00f4te d&#8217;Ivoire compte apporter sur le plan culturel un brassage entre les deux peuples. \u00ab La C\u00f4te d&#8217;Ivoire a des potentialit\u00e9s \u00e0 offrir donc nous pensons qu\u2019\u00e0 travers cette Ong nous allons faire la promotion de la C\u00f4te d&#8217;Ivoire au Japon et vice versa.  Nous comptons donner \u00e9galement la possibilit\u00e9 \u00e0 ceux qui souhaitent aller au Japon soit dans le cadre de leurs \u00e9tudes, affaires. S&#8217;il y a des entreprises ivoiriennes qui voudraient entrer en partenariat avec des entreprises japonaise, nous allons organiser des s\u00e9minaires, des forums qui vont  leur permettre d&#8217;\u00e9changer un peu avec ces entreprises Japonaises. Au-del\u00e0 de cela, nous comptons organiser des festivals qui vont permettre de promouvoir notre atti\u00e9k\u00e9, alloco. Nous pensons qu&#8217;il y a beaucoup de choses que les Japonais doivent conna\u00eetre sur la C\u00f4te d&#8217;Ivoire et nous allons \u00e0 travers ce festival promouvoir la culture ivoirienne, les danses ivoiriennes et la gastronomie ivoirienne \u00bb, a indiqu\u00e9 Oswald Kouam\u00e9.<br \/>\nL&#8217;apprentissage de la langue japonaise verra le jour dans les prochains jours  .  Quant \u00e0  Yves Ghahoui, secr\u00e9taire g\u00e9n\u00e9ral de l&#8217;Ong solidarit\u00e9 Japon C\u00f4te d&#8217;Ivoire, il a dit : \u00ab Apprendre la langue japonaise, c&#8217;est apprendre la culture et la mentalit\u00e9 japonaise. Si nous passons par la langue japonaise, nous avons l&#8217;opportunit\u00e9 de communiquer avec des Japonais,  nous avons la possibilit\u00e9 de travailler au Japon. Nous voulons donc donner la possibilit\u00e9 aux Ivoiriens qui voudraient aller faire une formation en langue japonaise qui va leur permettre de postuler pour des bourses d&#8217;\u00e9tudes\u00bb<\/p>\n<p><strong>M. Isma\u00efla<\/strong><\/p>\n","protected":false},"excerpt":{"rendered":"<p>Sako Lancin\u00e9, pr\u00e9sident de l&#8217;Ong solidarit\u00e9 Japon-Cote d\u2019Ivoire a proc\u00e9d\u00e9 au lancement des activit\u00e9s marquant l&#8217;implantation de son Ong en C\u00f4te d&#8217;Ivoire lors d\u2019une conf\u00e9rence de presse le jeudi 1er avril 2021 \u00e0 Abidjan-Cocody les deux Plateaux. \u00ab Dans un souci de contribuer au d\u00e9veloppement des relations entre la C\u00f4te d&#8217;Ivoire et le Japon, nous [&hellip;]<\/p>\n","protected":false},"author":3,"featured_media":25529,"comment_status":"closed","ping_status":"closed","sticky":false,"template":"","format":"standard","meta":{"_monsterinsights_skip_tracking":false,"_monsterinsights_sitenote_active":false,"_monsterinsights_sitenote_note":"","_monsterinsights_sitenote_category":0,"footnotes":""},"categories":[2,18,3],"tags":[],"class_list":["post-25528","post","type-post","status-publish","format-standard","has-post-thumbnail","hentry","category-featured","category-economie","category-societe"],"_links":{"self":[{"href":"https:\/\/www.lintelligentdabidjan.info\/news\/wp-json\/wp\/v2\/posts\/25528","targetHints":{"allow":["GET"]}}],"collection":[{"href":"https:\/\/www.lintelligentdabidjan.info\/news\/wp-json\/wp\/v2\/posts"}],"about":[{"href":"https:\/\/www.lintelligentdabidjan.info\/news\/wp-json\/wp\/v2\/types\/post"}],"author":[{"embeddable":true,"href":"https:\/\/www.lintelligentdabidjan.info\/news\/wp-json\/wp\/v2\/users\/3"}],"replies":[{"embeddable":true,"href":"https:\/\/www.lintelligentdabidjan.info\/news\/wp-json\/wp\/v2\/comments?post=25528"}],"version-history":[{"count":1,"href":"https:\/\/www.lintelligentdabidjan.info\/news\/wp-json\/wp\/v2\/posts\/25528\/revisions"}],"predecessor-version":[{"id":25530,"href":"https:\/\/www.lintelligentdabidjan.info\/news\/wp-json\/wp\/v2\/posts\/25528\/revisions\/25530"}],"wp:featuredmedia":[{"embeddable":true,"href":"https:\/\/www.lintelligentdabidjan.info\/news\/wp-json\/wp\/v2\/media\/25529"}],"wp:attachment":[{"href":"https:\/\/www.lintelligentdabidjan.info\/news\/wp-json\/wp\/v2\/media?parent=25528"}],"wp:term":[{"taxonomy":"category","embeddable":true,"href":"https:\/\/www.lintelligentdabidjan.info\/news\/wp-json\/wp\/v2\/categories?post=25528"},{"taxonomy":"post_tag","embeddable":true,"href":"https:\/\/www.lintelligentdabidjan.info\/news\/wp-json\/wp\/v2\/tags?post=25528"}],"curies":[{"name":"wp","href":"https:\/\/api.w.org\/{rel}","templated":true}]}}