{"id":25697,"date":"2021-04-27T01:42:11","date_gmt":"2021-04-26T23:42:11","guid":{"rendered":"https:\/\/www.lintelligentdabidjan.info\/news\/?p=25697"},"modified":"2021-04-27T14:28:01","modified_gmt":"2021-04-27T12:28:01","slug":"conseil-regional-du-worodougou-bouake-fofana-appelle-a-continuer-de-prier-pour-le-repos-de-lame-dhamed-bakayoko","status":"publish","type":"post","link":"https:\/\/www.lintelligentdabidjan.info\/news\/conseil-regional-du-worodougou-bouake-fofana-appelle-a-continuer-de-prier-pour-le-repos-de-lame-dhamed-bakayoko\/","title":{"rendered":"Conseil r\u00e9gional du Worodougou Bouak\u00e9 Fofana appelle \u00e0 continuer de prier pour le repos de l\u2019\u00e2me d\u2019Hamed Bakayoko"},"content":{"rendered":"<p><em><strong>Le samedi 17 avril 2021 s\u2019est tenue la premi\u00e8re session ordinaire de l\u2019exercice 2021 du Conseil r\u00e9gional du Worodougou \u00e0 son si\u00e8ge \u00e0 S\u00e9gu\u00e9la en pr\u00e9sence du corps pr\u00e9fectoral, des t\u00eates couronn\u00e9es et de plusieurs \u00e9lus locaux sous la, houlette de son pr\u00e9sident Bouak\u00e9 Fofana qui a incit\u00e9 les populations et les guides religieux de continuer de prier le Tout Puissant pour le repos de l\u2019\u00e2me du premier ministre Hamed Bakayoko.<\/strong><\/em><\/p>\n<p>Bouak\u00e9 Fofana a indiqu\u00e9 que la disparition d\u2019Hamed Bakayoko a plong\u00e9 la R\u00e9gion du Worodougou dans une indescriptible consternation.<br \/>\nAu lendemain de sa nomination \u00e0 la t\u00eate du Minist\u00e8re de l\u2019Assainissement et de la Salubrit\u00e9, \u00e0 en croire le nouveau Ministre Bouak\u00e9 Fofana, l\u2019ingratitude serait \u00e0 comble s\u2019il n\u2019avait pas exprim\u00e9 sa reconnaissance \u00e0 ceux qui l\u2019ont promu. \u00ab Je voudrais exprimer ma gratitude au Chef de l\u2019\u00c9tat et au Premier Ministre pour avoir port\u00e9 leur choix sur ma modeste personne \u00bb, s\u2019est-il r\u00e9joui avant d\u2019ajouter : \u00ab Cette marque de confiance dont j\u2019appr\u00e9cie la valeur et au nom de toute la population du Worodougou honor\u00e9e, je saisis bien l\u2019ampleur de la t\u00e2che qui est un challenge dont j\u2019essayerai d\u2019\u00eatre \u00e0 la hauteur\u00bb.<br \/>\nPrenant la parole \u00e0 son tour, Boka Kouassi Vincent, Pr\u00e9fet du D\u00e9partement de Kani a, au nom du Pr\u00e9fet de la R\u00e9gion du Worodougou, f\u00e9licit\u00e9 le nouveau Ministre. \u00ab Je voudrais au nom du Pr\u00e9fet de r\u00e9gion, vous f\u00e9liciter pour votre nomination. Ceci est le r\u00e9sultat de vos qualit\u00e9s manag\u00e9riales et du travail acharn\u00e9 que vous avez toujours abattu \u00bb, confia le Pr\u00e9fet de Kani.<br \/>\nSous la houlette de la premi\u00e8re vice-pr\u00e9sidente du Conseil r\u00e9gional Mme Bamba Maf\u00e9rima Epouse M\u2019Bahia , le compte administratif de l\u2019exercice 2020 du pr\u00e9sident Bouak\u00e9 Fofana et le budget modificatif num\u00e9ro 1 de l\u2019exercice 2021 ont \u00e9t\u00e9 approuv\u00e9s \u00e0 l\u2019unanimit\u00e9 des 25 Conseillers r\u00e9gionaux pr\u00e9sents. En effet, selon Traor\u00e9 Ch\u00e9rif, responsable financier du Conseil, prenant en compte l\u2019exc\u00e9dent de l\u2019exercice pr\u00e9c\u00e9dent, le compte administratif de 2020 a fait appara\u00eetre un exc\u00e9dent global (en fonctionnement et en investissement) de 259.392.757 FCFA dont la conformit\u00e9 et la sinc\u00e9rit\u00e9 ont \u00e9t\u00e9 attest\u00e9es par le Payeur r\u00e9gional Sokouri Kr\u00e9zoua Simplice. Pour ce qui est du budget modificatif num\u00e9ro 1, aux dires de la premi\u00e8re vice-pr\u00e9sidente, il s\u2019est agi pour les Conseillers r\u00e9gionaux, de se prononcer sur les l\u00e9gers ajustements apport\u00e9s au budget primitif 2021 suite \u00e0 la prise en compte des exc\u00e9dents de l\u2019exercice ant\u00e9rieur aussi bien en fonctionnement qu\u2019en investissement.<\/p>\n<p><strong>T.A.B avec Sercom<\/strong><\/p>\n","protected":false},"excerpt":{"rendered":"<p>Le samedi 17 avril 2021 s\u2019est tenue la premi\u00e8re session ordinaire de l\u2019exercice 2021 du Conseil r\u00e9gional du Worodougou \u00e0 son si\u00e8ge \u00e0 S\u00e9gu\u00e9la en pr\u00e9sence du corps pr\u00e9fectoral, des t\u00eates couronn\u00e9es et de plusieurs \u00e9lus locaux sous la, houlette de son pr\u00e9sident Bouak\u00e9 Fofana qui a incit\u00e9 les populations et les guides religieux de [&hellip;]<\/p>\n","protected":false},"author":3,"featured_media":25698,"comment_status":"closed","ping_status":"closed","sticky":false,"template":"","format":"standard","meta":{"_monsterinsights_skip_tracking":false,"_monsterinsights_sitenote_active":false,"_monsterinsights_sitenote_note":"","_monsterinsights_sitenote_category":0,"footnotes":""},"categories":[2,17],"tags":[1087,1085,67,1086],"class_list":["post-25697","post","type-post","status-publish","format-standard","has-post-thumbnail","hentry","category-featured","category-politique","tag-bouake-fofana","tag-conseil-regional","tag-hamed-bakayoko","tag-worodougou"],"_links":{"self":[{"href":"https:\/\/www.lintelligentdabidjan.info\/news\/wp-json\/wp\/v2\/posts\/25697","targetHints":{"allow":["GET"]}}],"collection":[{"href":"https:\/\/www.lintelligentdabidjan.info\/news\/wp-json\/wp\/v2\/posts"}],"about":[{"href":"https:\/\/www.lintelligentdabidjan.info\/news\/wp-json\/wp\/v2\/types\/post"}],"author":[{"embeddable":true,"href":"https:\/\/www.lintelligentdabidjan.info\/news\/wp-json\/wp\/v2\/users\/3"}],"replies":[{"embeddable":true,"href":"https:\/\/www.lintelligentdabidjan.info\/news\/wp-json\/wp\/v2\/comments?post=25697"}],"version-history":[{"count":3,"href":"https:\/\/www.lintelligentdabidjan.info\/news\/wp-json\/wp\/v2\/posts\/25697\/revisions"}],"predecessor-version":[{"id":25713,"href":"https:\/\/www.lintelligentdabidjan.info\/news\/wp-json\/wp\/v2\/posts\/25697\/revisions\/25713"}],"wp:featuredmedia":[{"embeddable":true,"href":"https:\/\/www.lintelligentdabidjan.info\/news\/wp-json\/wp\/v2\/media\/25698"}],"wp:attachment":[{"href":"https:\/\/www.lintelligentdabidjan.info\/news\/wp-json\/wp\/v2\/media?parent=25697"}],"wp:term":[{"taxonomy":"category","embeddable":true,"href":"https:\/\/www.lintelligentdabidjan.info\/news\/wp-json\/wp\/v2\/categories?post=25697"},{"taxonomy":"post_tag","embeddable":true,"href":"https:\/\/www.lintelligentdabidjan.info\/news\/wp-json\/wp\/v2\/tags?post=25697"}],"curies":[{"name":"wp","href":"https:\/\/api.w.org\/{rel}","templated":true}]}}