{"id":2570,"date":"2017-01-30T17:06:48","date_gmt":"2017-01-30T16:06:48","guid":{"rendered":"http:\/\/www.lintelligentdabidjan.info\/news\/?p=2570"},"modified":"2017-01-30T17:11:36","modified_gmt":"2017-01-30T16:11:36","slug":"bouake-les-populations-expriment-leur-reconnaissance-au-president-ouattara","status":"publish","type":"post","link":"https:\/\/www.lintelligentdabidjan.info\/news\/bouake-les-populations-expriment-leur-reconnaissance-au-president-ouattara\/","title":{"rendered":"Bouak\u00e9 Les populations expriment leur reconnaissance  au Pr\u00e9sident Ouattara"},"content":{"rendered":"<p>&#8220;Alassane Ouattara yako ! Alassane Ouattara Ifo ! C&#8217;est en ces termes que Bema Fofana, d\u00e9put\u00e9 de Bouak\u00e9-commune a, au nom des populations de sa  circonscription tenu \u00e0 marquer le soutien de celles-ci au Pr\u00e9sident de la R\u00e9publique, Alassane Ouattara.<!--more--><\/p>\n<p>  C\u2019\u00e9tait le samedi 28 janvier 2017 au palais du carnaval, sous la pr\u00e9sidence du pr\u00e9fet de sa r\u00e9gion de Gb\u00eak\u00ea, Aka Konin. &#8221; Bouak\u00e9 a longtemps \u00e9t\u00e9 le point de d\u00e9part de soul\u00e8vements malheureux qui ont caus\u00e9 du tort \u00e0 toutes les actions de d\u00e9veloppement entreprises par le Pr\u00e9sident Ouattara \u00e0 travers tout le pays. En r\u00e9sum\u00e9, tous les efforts que le President Ouattara et ses diff\u00e9rents gouvernements ont faits depuis son accession \u00e0 la magistrature supr\u00eame pour positionner notre pays dans le monde \u00e9conomique et diplomatique ont \u00e9t\u00e9, en l&#8217;espace de deux semaines, mis en mal. Par l&#8217;organisation de la c\u00e9r\u00e9monie du jour, nous condamnons sans r\u00e9serve ces actes et nous voulons lui apporter notre soutien ind\u00e9fectible et nos encouragements \u00e0 continuer sa qu\u00eate pour le bien-\u00eatre social et \u00e9conomique des Ivoiriens &#8220;, a-t-il ajout\u00e9.   Les  populations venues de tous les quartiers de Bouak\u00e9 et m\u00eames des villages environnants ont manifest\u00e9 toute leur reconnaissance au Pr\u00e9sident Ouattara pour avoir  nomm\u00e9  au gouvernement  trois fils de Bouak\u00e9 : Amadou Kon\u00e9, Sansan Kambil\u00e9 et Jean-Claude Kouassi.    Tous les organisateurs, \u00e0 savoir Paul Dakuyo et Mme Korotoum Diomand\u00e9, qui ont chacun lu une motion de soutien et de remerciement au Pr\u00e9sident Ouattara, Hamadou Bamba, Souma\u00efla Sylla et Mme Adjoua Yao qui eux ont intervenu au nom des \u00e9lus, des jeunes et des femmes ont exprim\u00e9 leur  volont\u00e9 de redynamiser et amplifier leurs actions de soutien et leur engagement \u00e0 faire triompher la politique de construction d&#8217;une C\u00f4te d&#8217;Ivoire moderne  avec le  Pr\u00e9sident Alassane Ouattara. &#8221; Bouak\u00e9 ne vous d\u00e9cevra plus jamais Monsieur le Pr\u00e9sident de la R\u00e9publique &#8220;, ont-ils promis .<br \/>\nAboubacar Al Syddick \u00e0 Bouak\u00e9<\/p>\n","protected":false},"excerpt":{"rendered":"<p>&#8220;Alassane Ouattara yako ! Alassane Ouattara Ifo ! C&#8217;est en ces termes que Bema Fofana, d\u00e9put\u00e9 de Bouak\u00e9-commune a, au nom des populations de sa circonscription tenu \u00e0 marquer le soutien de celles-ci au Pr\u00e9sident de la R\u00e9publique, Alassane Ouattara.<\/p>\n","protected":false},"author":2,"featured_media":2573,"comment_status":"closed","ping_status":"closed","sticky":false,"template":"","format":"standard","meta":{"_monsterinsights_skip_tracking":false,"_monsterinsights_sitenote_active":false,"_monsterinsights_sitenote_note":"","_monsterinsights_sitenote_category":0,"footnotes":""},"categories":[3],"tags":[],"class_list":["post-2570","post","type-post","status-publish","format-standard","has-post-thumbnail","hentry","category-societe"],"_links":{"self":[{"href":"https:\/\/www.lintelligentdabidjan.info\/news\/wp-json\/wp\/v2\/posts\/2570","targetHints":{"allow":["GET"]}}],"collection":[{"href":"https:\/\/www.lintelligentdabidjan.info\/news\/wp-json\/wp\/v2\/posts"}],"about":[{"href":"https:\/\/www.lintelligentdabidjan.info\/news\/wp-json\/wp\/v2\/types\/post"}],"author":[{"embeddable":true,"href":"https:\/\/www.lintelligentdabidjan.info\/news\/wp-json\/wp\/v2\/users\/2"}],"replies":[{"embeddable":true,"href":"https:\/\/www.lintelligentdabidjan.info\/news\/wp-json\/wp\/v2\/comments?post=2570"}],"version-history":[{"count":1,"href":"https:\/\/www.lintelligentdabidjan.info\/news\/wp-json\/wp\/v2\/posts\/2570\/revisions"}],"predecessor-version":[{"id":2572,"href":"https:\/\/www.lintelligentdabidjan.info\/news\/wp-json\/wp\/v2\/posts\/2570\/revisions\/2572"}],"wp:featuredmedia":[{"embeddable":true,"href":"https:\/\/www.lintelligentdabidjan.info\/news\/wp-json\/wp\/v2\/media\/2573"}],"wp:attachment":[{"href":"https:\/\/www.lintelligentdabidjan.info\/news\/wp-json\/wp\/v2\/media?parent=2570"}],"wp:term":[{"taxonomy":"category","embeddable":true,"href":"https:\/\/www.lintelligentdabidjan.info\/news\/wp-json\/wp\/v2\/categories?post=2570"},{"taxonomy":"post_tag","embeddable":true,"href":"https:\/\/www.lintelligentdabidjan.info\/news\/wp-json\/wp\/v2\/tags?post=2570"}],"curies":[{"name":"wp","href":"https:\/\/api.w.org\/{rel}","templated":true}]}}