{"id":25829,"date":"2021-05-17T00:38:25","date_gmt":"2021-05-16T22:38:25","guid":{"rendered":"https:\/\/www.lintelligentdabidjan.info\/news\/?p=25829"},"modified":"2021-05-17T00:39:19","modified_gmt":"2021-05-16T22:39:19","slug":"sortie-de-crise-et-croissance-economique-lambassadeur-de-la-centrafrique-en-cote-divoire-veut-copier-lexemple-ivoirien","status":"publish","type":"post","link":"https:\/\/www.lintelligentdabidjan.info\/news\/sortie-de-crise-et-croissance-economique-lambassadeur-de-la-centrafrique-en-cote-divoire-veut-copier-lexemple-ivoirien\/","title":{"rendered":"Sortie de crise et croissance \u00e9conomique L\u2019Ambassadeur de la Centrafrique en C\u00f4te d&#8217;Ivoire veut copier l\u2019exemple ivoirien"},"content":{"rendered":"<p><em><strong>Le vendredi 14 mai 2021, au cours du d\u00eener d\u2019adieu organis\u00e9 en son honneur par le gouvernement ivoirien, \u00e0 la salle polyvalente du minist\u00e8re des Affaires \u00e9trang\u00e8res \u00e0 Abidjan Plateau, Maga Lydie Flore, Ambassadeur de la Centrafrique en fin de mission en C\u00f4te d\u2019Ivoire, a annonc\u00e9 vouloir copier l\u2019exemple de sortie de crise et la croissance \u00e9conomique ivoirienne, pour son pays.<\/strong><\/em><\/p>\n<p>Maga Lydie Flore a annonc\u00e9 avoir eu la chance d&#8217;avoir v\u00e9cu partiellement, l&#8217;\u00e9mergence permanente de la C\u00f4te d&#8217;Ivoire.<br \/>\nSelon l&#8217;ambassadeur, la R\u00e9publique Centrafricaine pourra parvenir \u00e0 l&#8217;\u00e9mergence \u00e0 l&#8217;exemple de la C\u00f4te d&#8217;Ivoire.<br \/>\n&#8221; Cette belle exp\u00e9rience sera mise au service de mon pays, la R\u00e9publique Centrafricaine, qui est un pays post-conflit et qui a besoin de pays-fr\u00e8res, afin de sortir de la crise qui perdure \u00bb, a promis l\u2019Ambassadeur appel\u00e9e \u00e0 regagner son pays.<br \/>\nLa c\u00e9r\u00e9monie \u00e9tait pr\u00e9sid\u00e9e par la   Kandia Camara, ministre d&#8217;\u00c9tat, ministre des Affaires \u00e9trang\u00e8res , de l`Int\u00e9gration Africaine et de la Diaspora. Elle a salu\u00e9 les efforts consentis par la diplomate, en seulement 1 an et demi, en faveur du renforcement des liens entre les deux pays. Kandia Camara a salu\u00e9, entre autres, l\u2019organisation, le 13 janvier 2020, du Forum for Bangui \u00e0 Abidjan. Une manifestation \u00e9conomique et commerciale \u00e0 laquelle avait pris part une forte d\u00e9l\u00e9gation minist\u00e9rielle de la Centrafrique.<br \/>\nElle a aussi soulign\u00e9 la coop\u00e9ration dans l&#8217;\u00e9ducation \u00e0 travers la signature d&#8217;un accord cadre, pour un projet de construction d&#8217;\u00e9coles visant \u00e0 redynamiser le syst\u00e8me \u00e9ducatif centrafricain, avec le concours de partenaires ext\u00e9rieurs.<br \/>\nAussi, elle a mentionn\u00e9 les \u00e9changes commerciaux globaux entre la C\u00f4te d&#8217;Ivoire et la Centrafrique qui, \u00e9valu\u00e9s \u00e0 moins de 5 milliards FCFA en 2020, auraient connu une hausse pendant la mission de l&#8217;Ambassadeur.<br \/>\nSelon la ministre d\u2019\u00c9tat Kandia Camara, c\u2019est en reconnaissance \u00e0 ces efforts que le gouvernement a offert ce d\u00eener.<br \/>\nEn pr\u00e9sence d&#8217;autres diplomates , venus pour l\u2019occasion, Maga Lydie Flore a \u00e9t\u00e9 \u00e9lev\u00e9e au rang de Commandeur dans l\u2019ordre national Ivoirien.<\/p>\n<p><strong> J-H Koffo<\/strong><\/p>\n","protected":false},"excerpt":{"rendered":"<p>Le vendredi 14 mai 2021, au cours du d\u00eener d\u2019adieu organis\u00e9 en son honneur par le gouvernement ivoirien, \u00e0 la salle polyvalente du minist\u00e8re des Affaires \u00e9trang\u00e8res \u00e0 Abidjan Plateau, Maga Lydie Flore, Ambassadeur de la Centrafrique en fin de mission en C\u00f4te d\u2019Ivoire, a annonc\u00e9 vouloir copier l\u2019exemple de sortie de crise et la [&hellip;]<\/p>\n","protected":false},"author":3,"featured_media":25830,"comment_status":"closed","ping_status":"closed","sticky":false,"template":"","format":"standard","meta":{"_monsterinsights_skip_tracking":false,"_monsterinsights_sitenote_active":false,"_monsterinsights_sitenote_note":"","_monsterinsights_sitenote_category":0,"footnotes":""},"categories":[2,18],"tags":[1121,77,336,1120],"class_list":["post-25829","post","type-post","status-publish","format-standard","has-post-thumbnail","hentry","category-featured","category-economie","tag-centrafrique","tag-cote-divoire","tag-kandia-camara","tag-maga-lydie-flore"],"_links":{"self":[{"href":"https:\/\/www.lintelligentdabidjan.info\/news\/wp-json\/wp\/v2\/posts\/25829","targetHints":{"allow":["GET"]}}],"collection":[{"href":"https:\/\/www.lintelligentdabidjan.info\/news\/wp-json\/wp\/v2\/posts"}],"about":[{"href":"https:\/\/www.lintelligentdabidjan.info\/news\/wp-json\/wp\/v2\/types\/post"}],"author":[{"embeddable":true,"href":"https:\/\/www.lintelligentdabidjan.info\/news\/wp-json\/wp\/v2\/users\/3"}],"replies":[{"embeddable":true,"href":"https:\/\/www.lintelligentdabidjan.info\/news\/wp-json\/wp\/v2\/comments?post=25829"}],"version-history":[{"count":2,"href":"https:\/\/www.lintelligentdabidjan.info\/news\/wp-json\/wp\/v2\/posts\/25829\/revisions"}],"predecessor-version":[{"id":25832,"href":"https:\/\/www.lintelligentdabidjan.info\/news\/wp-json\/wp\/v2\/posts\/25829\/revisions\/25832"}],"wp:featuredmedia":[{"embeddable":true,"href":"https:\/\/www.lintelligentdabidjan.info\/news\/wp-json\/wp\/v2\/media\/25830"}],"wp:attachment":[{"href":"https:\/\/www.lintelligentdabidjan.info\/news\/wp-json\/wp\/v2\/media?parent=25829"}],"wp:term":[{"taxonomy":"category","embeddable":true,"href":"https:\/\/www.lintelligentdabidjan.info\/news\/wp-json\/wp\/v2\/categories?post=25829"},{"taxonomy":"post_tag","embeddable":true,"href":"https:\/\/www.lintelligentdabidjan.info\/news\/wp-json\/wp\/v2\/tags?post=25829"}],"curies":[{"name":"wp","href":"https:\/\/api.w.org\/{rel}","templated":true}]}}