{"id":25833,"date":"2021-05-17T00:45:00","date_gmt":"2021-05-16T22:45:00","guid":{"rendered":"https:\/\/www.lintelligentdabidjan.info\/news\/?p=25833"},"modified":"2021-05-17T00:45:57","modified_gmt":"2021-05-16T22:45:57","slug":"celebration-de-laid-el-fitr-a-yamoussoukro-limam-seydou-sylla-invite-les-fideles-a-se-faire-vacciner-contre-la-covid-19","status":"publish","type":"post","link":"https:\/\/www.lintelligentdabidjan.info\/news\/celebration-de-laid-el-fitr-a-yamoussoukro-limam-seydou-sylla-invite-les-fideles-a-se-faire-vacciner-contre-la-covid-19\/","title":{"rendered":"C\u00e9l\u00e9bration de l\u2019A\u00efd El Fitr \u00e0 Yamoussoukro  L&#8217;imam Seydou Sylla invite les fid\u00e8les \u00e0 se faire vacciner contre la covid-19"},"content":{"rendered":"<p><em><strong>Dans son sermon apr\u00e8s les deux rakats qui ont sanctionn\u00e9  la pri\u00e8re de l\u2019A\u00efd El Fitr ou la f\u00eate  de fin du mois   de ramadan le mercredi 12 mai 2021, Seydou Sylla, l\u2019imam principal de la grande mosqu\u00e9e centrale de la paix de Yamoussoukro  a invit\u00e9 l\u2019ensemble des fid\u00e8les musulmans de la capitale politique \u00e0 se faire vacciner contre la Covid-19. <\/strong><\/em><\/p>\n<p>Le guide religieux les a exhort\u00e9s \u00e0 aller se faire vacciner contre la covid-19, pour que cette pand\u00e9mie ne soit qu\u2019un lointain souvenir<br \/>\nIl les a appel\u00e9s \u00e0 continuer de respecter les mesures pr\u00e9ventives  dans la lutte contre la Covid-19. Aussi, a-t-il relev\u00e9  les cons\u00e9quences de cette maladie \u00e0 coronavirus  sur la vie \u00e9conomique et sociale, notamment les d\u00e9c\u00e8s en cascade, les difficult\u00e9s pour les entreprises avec son lot de ch\u00f4mage, de licenciement, de chert\u00e9 de la vie etc. \u00c0 cet effet, il  a demand\u00e9 aux uns et aux autres de rester en union de pri\u00e8res pour que cette pand\u00e9mie soit \u00e9radiqu\u00e9e totalement en C\u00f4te d\u2019Ivoire et dans le monde entier, afin de favoriser une reprise normale des activit\u00e9s \u00e9conomiques. En outre, l\u2019imam Sylla a adress\u00e9 ses remerciements au pr\u00e9sident Alassane Ouattara pour son inlassable effort d\u2019instauration d\u2019un climat de paix durable en C\u00f4te d\u2019Ivoire. Pour lui, il y a eu des gestes d\u2019apaisement et de r\u00e9conciliation avec la lib\u00e9ration des prisonniers. Selon le guide religieux, le retour massif  des exil\u00e9s participe de la volont\u00e9 du pr\u00e9sident Alassane Ouattara, de b\u00e2tir une C\u00f4te d\u2019Ivoire solidaire.<\/p>\n<p><strong> Harry Diallo \u00e0 Yamoussoukro<\/strong><\/p>\n","protected":false},"excerpt":{"rendered":"<p>Dans son sermon apr\u00e8s les deux rakats qui ont sanctionn\u00e9 la pri\u00e8re de l\u2019A\u00efd El Fitr ou la f\u00eate de fin du mois de ramadan le mercredi 12 mai 2021, Seydou Sylla, l\u2019imam principal de la grande mosqu\u00e9e centrale de la paix de Yamoussoukro a invit\u00e9 l\u2019ensemble des fid\u00e8les musulmans de la capitale politique \u00e0 [&hellip;]<\/p>\n","protected":false},"author":3,"featured_media":25834,"comment_status":"closed","ping_status":"closed","sticky":false,"template":"","format":"standard","meta":{"_monsterinsights_skip_tracking":false,"_monsterinsights_sitenote_active":false,"_monsterinsights_sitenote_note":"","_monsterinsights_sitenote_category":0,"footnotes":""},"categories":[2,3],"tags":[39,538,1123,1122],"class_list":["post-25833","post","type-post","status-publish","format-standard","has-post-thumbnail","hentry","category-featured","category-societe","tag-alassane-ouattara","tag-covid-19","tag-laid-el-fitr","tag-seydou-sylla"],"_links":{"self":[{"href":"https:\/\/www.lintelligentdabidjan.info\/news\/wp-json\/wp\/v2\/posts\/25833","targetHints":{"allow":["GET"]}}],"collection":[{"href":"https:\/\/www.lintelligentdabidjan.info\/news\/wp-json\/wp\/v2\/posts"}],"about":[{"href":"https:\/\/www.lintelligentdabidjan.info\/news\/wp-json\/wp\/v2\/types\/post"}],"author":[{"embeddable":true,"href":"https:\/\/www.lintelligentdabidjan.info\/news\/wp-json\/wp\/v2\/users\/3"}],"replies":[{"embeddable":true,"href":"https:\/\/www.lintelligentdabidjan.info\/news\/wp-json\/wp\/v2\/comments?post=25833"}],"version-history":[{"count":1,"href":"https:\/\/www.lintelligentdabidjan.info\/news\/wp-json\/wp\/v2\/posts\/25833\/revisions"}],"predecessor-version":[{"id":25835,"href":"https:\/\/www.lintelligentdabidjan.info\/news\/wp-json\/wp\/v2\/posts\/25833\/revisions\/25835"}],"wp:featuredmedia":[{"embeddable":true,"href":"https:\/\/www.lintelligentdabidjan.info\/news\/wp-json\/wp\/v2\/media\/25834"}],"wp:attachment":[{"href":"https:\/\/www.lintelligentdabidjan.info\/news\/wp-json\/wp\/v2\/media?parent=25833"}],"wp:term":[{"taxonomy":"category","embeddable":true,"href":"https:\/\/www.lintelligentdabidjan.info\/news\/wp-json\/wp\/v2\/categories?post=25833"},{"taxonomy":"post_tag","embeddable":true,"href":"https:\/\/www.lintelligentdabidjan.info\/news\/wp-json\/wp\/v2\/tags?post=25833"}],"curies":[{"name":"wp","href":"https:\/\/api.w.org\/{rel}","templated":true}]}}