{"id":25944,"date":"2021-06-02T02:23:12","date_gmt":"2021-06-02T00:23:12","guid":{"rendered":"https:\/\/www.lintelligentdabidjan.info\/news\/?p=25944"},"modified":"2021-06-02T02:23:46","modified_gmt":"2021-06-02T00:23:46","slug":"vagondo-diomande-au-lancement-de-loperation-epervier-6-a-abobo-des-strategies-conjointes-de-lutte-contre-la-criminalite-dans-les-principales-localites-du-territoire-national","status":"publish","type":"post","link":"https:\/\/www.lintelligentdabidjan.info\/news\/vagondo-diomande-au-lancement-de-loperation-epervier-6-a-abobo-des-strategies-conjointes-de-lutte-contre-la-criminalite-dans-les-principales-localites-du-territoire-national\/","title":{"rendered":"Vagondo Diomand\u00e9 au lancement de l\u2019Op\u00e9ration \u00c9pervier 6 \u00e0 Abobo : \u201cDes strat\u00e9gies conjointes de lutte contre la criminalit\u00e9 dans les principales localit\u00e9s du territoire national\u201d"},"content":{"rendered":"<p><strong>\u00ab  Les op\u00e9rations \u00c9perviers sont devenues depuis quelques ann\u00e9es des strat\u00e9gies conjointes de lutte contre la criminalit\u00e9 dans les principales localit\u00e9s du territoire national \u00bb, a d\u00e9clar\u00e9 le jeudi 27 mai 2021 le ministre de l\u2019Int\u00e9rieur et de la S\u00e9curit\u00e9 Vagondo Diomand\u00e9   au lancement de l\u2019op\u00e9ration Epervier 6 \u00e0 Abobo    en pr\u00e9sence du ministre d\u2019\u00c9tat, ministre des Affaires \u00e9trang\u00e8res , de l\u2019int\u00e9gration africaine et de la diaspora Kandia Camara , maire honoraire de cette commune.<\/strong><\/p>\n<p>Le ministre Vagondo Diomand\u00e9  a rendu hommage \u00e0 feu le premier ministre Hamed Bakayoko pour qui il a demand\u00e9 d\u2019observer une minute de silence :\u00ab Avant tout, il me vient \u00e0 l&#8217;esprit d&#8217;avoir une pens\u00e9e tr\u00e8s fraternelle pour notre fr\u00e8re, un illustre fils d&#8217;Abobo qui a \u00e9t\u00e9 maire de cette commune et que Dieu a bien voulu rappeler \u00e0 lui.\u00bb.<br \/>\nLa ministre d&#8217;\u00c9tat Kandia Camara a quant \u00e0 elle,  remerci\u00e9 au nom de la municipalit\u00e9,   du conseil municipal d&#8217;Abobo,   des chefs traditionnels et des guides religieux ainsi que des populations   , le Ministre de l&#8217;int\u00e9rieur et de la s\u00e9curit\u00e9 le g\u00e9n\u00e9ral Vagondo Diomand\u00e9. \u00ab Je voudrais au nom de la population d&#8217;Abobo dire combien de fois nous sommes heureux ici \u00e0 Abobo de b\u00e9n\u00e9ficier de cette action importante qui permettra d&#8217;assurer la s\u00e9curit\u00e9 de nos populations.\u00bb a-t-elle exprim\u00e9 en signifiant que l&#8217;op\u00e9ration \u00c9pervier prouve  la consid\u00e9ration  que porte le gouvernement vis \u00e0 vis de la population d&#8217;Abobo.<br \/>\nKon\u00e9 Siaka, le 3\u00e8me au maire  d\u2019Abobo a exprim\u00e9 sa reconnaissance \u00e0  la ministre d&#8217;\u00c9tat et maire honoraire d&#8217;Abobo Kandia Camara pour tous les efforts consentis pour la commune  \u00ab Je remercie Mme la ministre pour sa pr\u00e9sence distingu\u00e9e(&#8230;) Je voudrais \u00e9galement la remercier pour les nombreuses et diverses actions pour le bien-\u00eatre des populations d&#8217;Abobo\u00bb a-t-il d\u00e9clar\u00e9 tout en soulignant qu&#8217;Abobo est fi\u00e8re d&#8217;elle.<\/p>\n<p><strong>T.A.B avec AN<\/strong><\/p>\n","protected":false},"excerpt":{"rendered":"<p>\u00ab Les op\u00e9rations \u00c9perviers sont devenues depuis quelques ann\u00e9es des strat\u00e9gies conjointes de lutte contre la criminalit\u00e9 dans les principales localit\u00e9s du territoire national \u00bb, a d\u00e9clar\u00e9 le jeudi 27 mai 2021 le ministre de l\u2019Int\u00e9rieur et de la S\u00e9curit\u00e9 Vagondo Diomand\u00e9 au lancement de l\u2019op\u00e9ration Epervier 6 \u00e0 Abobo en pr\u00e9sence du ministre d\u2019\u00c9tat, [&hellip;]<\/p>\n","protected":false},"author":3,"featured_media":25945,"comment_status":"closed","ping_status":"closed","sticky":false,"template":"","format":"standard","meta":{"_monsterinsights_skip_tracking":false,"_monsterinsights_sitenote_active":false,"_monsterinsights_sitenote_note":"","_monsterinsights_sitenote_category":0,"footnotes":""},"categories":[2,3],"tags":[295,1155,666],"class_list":["post-25944","post","type-post","status-publish","format-standard","has-post-thumbnail","hentry","category-featured","category-societe","tag-abobo","tag-operation-epervier-6","tag-vagondo-diomande"],"_links":{"self":[{"href":"https:\/\/www.lintelligentdabidjan.info\/news\/wp-json\/wp\/v2\/posts\/25944","targetHints":{"allow":["GET"]}}],"collection":[{"href":"https:\/\/www.lintelligentdabidjan.info\/news\/wp-json\/wp\/v2\/posts"}],"about":[{"href":"https:\/\/www.lintelligentdabidjan.info\/news\/wp-json\/wp\/v2\/types\/post"}],"author":[{"embeddable":true,"href":"https:\/\/www.lintelligentdabidjan.info\/news\/wp-json\/wp\/v2\/users\/3"}],"replies":[{"embeddable":true,"href":"https:\/\/www.lintelligentdabidjan.info\/news\/wp-json\/wp\/v2\/comments?post=25944"}],"version-history":[{"count":1,"href":"https:\/\/www.lintelligentdabidjan.info\/news\/wp-json\/wp\/v2\/posts\/25944\/revisions"}],"predecessor-version":[{"id":25946,"href":"https:\/\/www.lintelligentdabidjan.info\/news\/wp-json\/wp\/v2\/posts\/25944\/revisions\/25946"}],"wp:featuredmedia":[{"embeddable":true,"href":"https:\/\/www.lintelligentdabidjan.info\/news\/wp-json\/wp\/v2\/media\/25945"}],"wp:attachment":[{"href":"https:\/\/www.lintelligentdabidjan.info\/news\/wp-json\/wp\/v2\/media?parent=25944"}],"wp:term":[{"taxonomy":"category","embeddable":true,"href":"https:\/\/www.lintelligentdabidjan.info\/news\/wp-json\/wp\/v2\/categories?post=25944"},{"taxonomy":"post_tag","embeddable":true,"href":"https:\/\/www.lintelligentdabidjan.info\/news\/wp-json\/wp\/v2\/tags?post=25944"}],"curies":[{"name":"wp","href":"https:\/\/api.w.org\/{rel}","templated":true}]}}