{"id":26003,"date":"2021-06-14T09:33:30","date_gmt":"2021-06-14T07:33:30","guid":{"rendered":"https:\/\/www.lintelligentdabidjan.info\/news\/?p=26003"},"modified":"2021-06-14T09:37:44","modified_gmt":"2021-06-14T07:37:44","slug":"lutte-contre-la-migration-irreguliere-en-cote-divoire-anne-lemaistre-unesco-pour-plus-dengagement-de-la-presse-et-de-civisme-de-la-jeunesse","status":"publish","type":"post","link":"https:\/\/www.lintelligentdabidjan.info\/news\/lutte-contre-la-migration-irreguliere-en-cote-divoire-anne-lemaistre-unesco-pour-plus-dengagement-de-la-presse-et-de-civisme-de-la-jeunesse\/","title":{"rendered":"Lutte contre la migration irr\u00e9guli\u00e8re en C\u00f4te d&#8217;Ivoire Anne Lemaistre ( Unesco) pour plus d\u2019engagement de la presse et de civisme de la jeunesse"},"content":{"rendered":"<p><em><strong>Anne Lemaistre, repr\u00e9sentante r\u00e9sidente en C\u00f4te d&#8217;Ivoire de l\u2019Organisation des nations unis pour l\u2019\u00e9ducation, la science et la culture,  (Unesco), entend  lutter contre la migration irr\u00e9guli\u00e8re et la traite des humains \u00e0 travers une s\u00e9rie d\u2019actions, de campagne, de sensibilisation et d\u2019information sur les risques de la migration en incluant la presse et appelant la jeunesse \u00e0 plus de civisme.   C&#8217;\u00e9tait lors d&#8217;un d\u00e9jeuner de haut-niveau organis\u00e9 mercredi 09 Juin 2021 dans un h\u00f4tel \u00e0 Abidjan-Plateau sur le th\u00e8me &#8221; Autonomisation des jeunes en Afrique \u00e0 travers les m\u00e9dias et la communication&#8221;.<\/strong><\/em><\/p>\n<p>\u00ab Dans le cadre du projet m\u00e9dia immigration, nous voulons autonomiser les jeunes en Afrique \u00e0 travers l\u2019immigration. L\u2019objectif est de rassembler les m\u00e9dias, de mani\u00e8re \u00e0 les inviter \u00e0 \u00e9crire des articles, des productions journalistiques audiovisuelles sur le sujet de la migration. Et on esp\u00e8re qu\u2019ainsi les jeunes seront pr\u00e9venus des risques migratoires, qu\u2019ils puissent avoir des informations sur la migration r\u00e9guli\u00e8re. Nous sommes en train d\u2019\u00e9changer avec des anciens migrants, nous voulons d\u00e9construire certains projets dans lesquels l\u2019Europe, c\u2019est \u2018\u2019l\u2019eldorado\u2019\u2019 ou on dit \u2018\u2019je n\u2019ai pas d\u2019opportunit\u00e9\u2019\u2019 \u00bb, a dit Anne Lemaistre, repr\u00e9sentante r\u00e9sidente de l\u2019Unesco en C\u00f4te d\u2019Ivoire.<br \/>\nRepr\u00e9sentant le ministre de la Promotion de la Jeunesse, de l\u2019Insertion professionnelle et du Service civique, Diomand\u00e9 Lassin\u00e9, directeur adjoint du cabinet dudit ministre a affirm\u00e9 l\u2019engagement du gouvernement \u00e0 s\u2019inscrire dans cette marche contre la migration irr\u00e9guli\u00e8re.  \u00ab  Nous faisons de la sensibilisation dans les diff\u00e9rentes localit\u00e9s mais je pense qu\u2019on serait plus appuy\u00e9 avec les m\u00e9dias \u00bb.   a-t-il dit<br \/>\n\u00c0 cette occasion, l&#8217;ex migrant, aujourd\u2019hui pr\u00e9sident de l\u2019Ong Lisad, Herv\u00e9 N\u2019dri a dit vouloir par son histoire, sensibiliser la population mondiale contre ce fl\u00e9au.<br \/>\n\u00ab Je suis victime de la traite des hommes au Kowe\u00eft. En Septembre 2015, j\u2019avais d\u00e9cid\u00e9 d\u2019aller \u00e0 l\u2019aventure. Je me suis retrouv\u00e9 au Kowe\u00eft. Depuis le premier jour, ils ont bloqu\u00e9 mon passeport. Une fois l\u00e0-bas, \u00e0 ma grande surprise, je deviens esclave. Je vous le dis, la traite et la vente des personnes existent bel et bien. Je travaillais pour des gens dans le d\u00e9sert, sans salaire de 05 heures du matin, \u00e0 02 heures du matin. Vers la fin, j\u2019ai re\u00e7u des menaces de mort. \u00bb, a t\u00e9moign\u00e9 Herv\u00e9 N\u2019Dri.  <\/p>\n<p><strong>Mamadou Ouattara avec O.Djibril<\/strong><\/p>\n","protected":false},"excerpt":{"rendered":"<p>Anne Lemaistre, repr\u00e9sentante r\u00e9sidente en C\u00f4te d&#8217;Ivoire de l\u2019Organisation des nations unis pour l\u2019\u00e9ducation, la science et la culture, (Unesco), entend lutter contre la migration irr\u00e9guli\u00e8re et la traite des humains \u00e0 travers une s\u00e9rie d\u2019actions, de campagne, de sensibilisation et d\u2019information sur les risques de la migration en incluant la presse et appelant la [&hellip;]<\/p>\n","protected":false},"author":3,"featured_media":26004,"comment_status":"closed","ping_status":"closed","sticky":false,"template":"","format":"standard","meta":{"_monsterinsights_skip_tracking":false,"_monsterinsights_sitenote_active":false,"_monsterinsights_sitenote_note":"","_monsterinsights_sitenote_category":0,"footnotes":""},"categories":[2,3],"tags":[1177,77,917],"class_list":["post-26003","post","type-post","status-publish","format-standard","has-post-thumbnail","hentry","category-featured","category-societe","tag-anne-lemaistre","tag-cote-divoire","tag-unesco"],"_links":{"self":[{"href":"https:\/\/www.lintelligentdabidjan.info\/news\/wp-json\/wp\/v2\/posts\/26003","targetHints":{"allow":["GET"]}}],"collection":[{"href":"https:\/\/www.lintelligentdabidjan.info\/news\/wp-json\/wp\/v2\/posts"}],"about":[{"href":"https:\/\/www.lintelligentdabidjan.info\/news\/wp-json\/wp\/v2\/types\/post"}],"author":[{"embeddable":true,"href":"https:\/\/www.lintelligentdabidjan.info\/news\/wp-json\/wp\/v2\/users\/3"}],"replies":[{"embeddable":true,"href":"https:\/\/www.lintelligentdabidjan.info\/news\/wp-json\/wp\/v2\/comments?post=26003"}],"version-history":[{"count":1,"href":"https:\/\/www.lintelligentdabidjan.info\/news\/wp-json\/wp\/v2\/posts\/26003\/revisions"}],"predecessor-version":[{"id":26005,"href":"https:\/\/www.lintelligentdabidjan.info\/news\/wp-json\/wp\/v2\/posts\/26003\/revisions\/26005"}],"wp:featuredmedia":[{"embeddable":true,"href":"https:\/\/www.lintelligentdabidjan.info\/news\/wp-json\/wp\/v2\/media\/26004"}],"wp:attachment":[{"href":"https:\/\/www.lintelligentdabidjan.info\/news\/wp-json\/wp\/v2\/media?parent=26003"}],"wp:term":[{"taxonomy":"category","embeddable":true,"href":"https:\/\/www.lintelligentdabidjan.info\/news\/wp-json\/wp\/v2\/categories?post=26003"},{"taxonomy":"post_tag","embeddable":true,"href":"https:\/\/www.lintelligentdabidjan.info\/news\/wp-json\/wp\/v2\/tags?post=26003"}],"curies":[{"name":"wp","href":"https:\/\/api.w.org\/{rel}","templated":true}]}}