{"id":26048,"date":"2021-06-21T02:16:16","date_gmt":"2021-06-21T00:16:16","guid":{"rendered":"https:\/\/www.lintelligentdabidjan.info\/news\/?p=26048"},"modified":"2021-06-21T02:16:54","modified_gmt":"2021-06-21T00:16:54","slug":"debut-de-la-grande-saison-des-pluies-a-abidjan-avec-des-orages-annonces-bouake-fofana-encore-sur-le-terrain-pour-lancer-un-appel-a-un-comportement-civique-et-responsable-des-populations","status":"publish","type":"post","link":"https:\/\/www.lintelligentdabidjan.info\/news\/debut-de-la-grande-saison-des-pluies-a-abidjan-avec-des-orages-annonces-bouake-fofana-encore-sur-le-terrain-pour-lancer-un-appel-a-un-comportement-civique-et-responsable-des-populations\/","title":{"rendered":"D\u00e9but de la grande saison des pluies \u00e0 Abidjan avec des orages annonc\u00e9s  Bouak\u00e9 Fofana encore sur le terrain pour lancer un appel \u00e0 un comportement civique et responsable des populations"},"content":{"rendered":"<p><em><strong>Le dimanche 20 juin 2021 , le ministre de l\u2019Assainissement et de la Salubrit\u00e9, Bouak\u00e9 Fofana a sillonn\u00e9 des quartiers de Cocody, puis s&#8217;est rendu au carrefour de l\u2019Ind\u00e9ni\u00e9, pour constater l\u2019impact de la forte pluie du samedi 19 juin 2021 au dimanche 20 juin 2021 sur les ouvrages de drainage des eaux de ruissellement, dans le District d\u2019Abidjan..<\/strong><\/em><\/p>\n<p>\u00c0 cette occasion, Bouak\u00e9 Fofana a encore lanc\u00e9 un appel \u00e0 l&#8217;esprit de civisme des populations , en les invitant \u00e0 ne pas construire dans des zones inondables, car selon lui, \u00ab les sites de certains ouvrages \u00bb \u00e0 construire \u00ab pour r\u00e9duire les risques d\u2019inondations sont occup\u00e9s \u00bb<br \/>\nEn compagnie de certains responsables des structures sous tutelle du minist\u00e8re de l\u2019Assainissement et de la Salubrit\u00e9 et des membres du comit\u00e9 de surveillance qu\u2019il a mis sur pied avant le d\u00e9but de la grande saison des pluies, le ministre Bouak\u00e9 Fofana s\u2019est rendu \u00e0 la Rue ministre, \u00e0 Saint-Viateur, Allabra, Bounoumin, 9 Kilos (des quartiers de la Rivi\u00e9ra) et au carrefour de l\u2019Ind\u00e9ni\u00e9.<br \/>\nFace \u00e0 la presse, il fait un point de ses constats : \u00ab Nous avons des zones critiques qui ont \u00e9t\u00e9 inond\u00e9es. La raison, c\u2019est qu\u2019il y a des retenues \u00e0 faire en amont de ces zones qui ne sont pas encore faites. Tant qu\u2019on ne les aura pas faites, on a des risques d\u2019inondations. Au niveau de Saint-Viateur, un ouvrage de drainage est carr\u00e9ment dans l\u2019enceinte de l\u2019\u00e9cole. Ce sont des questions que nous devons r\u00e9gler, parce que l\u2019eau doit circuler, elle a son chemin naturel. Nous faisons des ouvrages pour guider l\u2019eau, mais quand les ouvrages ne sont pas suffisants, les risques d\u2019inondations sont l\u00e0. \u00c0 la Rue ministre, nous avons d\u00e9doubl\u00e9 les canalisations, de sorte que dans une zone les probl\u00e8mes sont r\u00e9gl\u00e9s. Nous sommes en train de faire des travaux sur le boulevard Mitterrand en allant vers Bingerville, mais pour l\u2019instant, nous n\u2019avons pas trop de d\u00e9g\u00e2ts. Le risque ne sera pas \u00e0 z\u00e9ro tant que nous n\u2019aurons pas construit tous les ouvrages de drainage pr\u00e9vu dans le Sch\u00e9ma-directeur, mais il est r\u00e9duit de fa\u00e7on significative dans les zones critiques, les d\u00e9g\u00e2ts mat\u00e9riels sont minimes \u00bb.<\/p>\n<p><strong>Le ministre d\u00e9voile ses priorit\u00e9s  <\/strong><\/p>\n<p>Pour cette premi\u00e8re journ\u00e9e de fortes pluies, le ministre de l\u2019Assainissement et de la Salubrit\u00e9 a d\u00e9voil\u00e9 la priorit\u00e9 de son d\u00e9partement minist\u00e9riel : \u00ab Notre premi\u00e8re priorit\u00e9 c\u2019est qu\u2019il n\u2019y ait pas des inondations qui aboutissent \u00e0 des pertes en vies humaines et \u00e0 des d\u00e9g\u00e2ts mat\u00e9riels importants. Notre objectif, cette ann\u00e9e, c\u2019est qu\u2019il y ait 0 mort li\u00e9 aux inondations. Pour l\u2019instant, on ne d\u00e9plore pas encore de pertes en vies humaines dans les zones qui ont connu des inondations importantes les ann\u00e9es pr\u00e9c\u00e9dentes, comme Alabra, parce la capacit\u00e9 des ouvrages a \u00e9t\u00e9 augment\u00e9e (\u2026) Aujourd\u2019hui, on est retard\u00e9 dans l\u2019ex\u00e9cution des travaux du Sch\u00e9ma-directeur, parce que les sites de certains ouvrages que nous devons construire absolument pour r\u00e9duire les risques d\u2019inondations sont occup\u00e9s, \u00e0 telle enseigne que si on veut indemniser toutes ces personnes, le montant des indemnisations est sup\u00e9rieur au co\u00fbt des projets. Il s\u2019agit donc de sensibiliser les populations. Ne construisons pas dans des zones inondables. Est-ce qu\u2019on peut construire sur une route sous pr\u00e9texte  qu\u2019on a un papier ? Il y&#8217;a des zones inondables, des bassins d\u2019orage, mais nos compatriotes construisent dans ces bassins. C\u2019est un appel que nous lan\u00e7ons \u00e0 tous nos compatriotes : il faut s\u2019assurer, avant de commencer une construction, d\u2019avoir le permis de construire (\u2026) M\u00eame quand les ouvrages sont construits, leur fonctionnement est mis \u00e0 rude \u00e9preuve par les arriv\u00e9es des d\u00e9chets, parce que nos compatriotes continuent de se servir des caniveaux, des canalisations de drainage comme des d\u00e9potoirs d\u2019ordures. Arr\u00eatons de d\u00e9verser nos ordures dans les caniveaux, parce que quand il pleut, l\u2019eau de pluie les ram\u00e8nent au point le plus bas et c\u2019est ce que nous voyons au carrefour de l\u2019Ind\u00e9ni\u00e9, au niveau du barrage de Bonoumin et dans d\u2019autres zones, o\u00f9 quand l\u2019eau se retire, on retrouve des d\u00e9chets de tous ordres \u00bb.<\/p>\n<p><strong>[ L\u2019incivisme des populations, une question \u00e0 adresser vigoureusement ] <\/strong><\/p>\n<p>\u00c0 travers sa d\u00e9claration, le ministre de  l&#8217;Assainissement et de la salubrit\u00e9 lance ainsi un appel vibrant \u00e0 l&#8217;esprit de civisme et de responsabilit\u00e9 des populations. Celles sont ainsi invit\u00e9es \u00e0 collaborer pour le bien \u00eatre individuel et celui de la collectivit\u00e9.<br \/>\nAvec les premi\u00e8res pluies de la grande saison des pluies qui ont d\u00e9but\u00e9 dans la nuit du samedi au dimanche 20 juin 2021, le constat g\u00e9n\u00e9ral, c\u2019est qu\u2019il y a encore des ouvrages de drainage d\u2019eau de ruiss\u00e8lement qui ploient sous le poids de certaines constructions.<br \/>\n M. Tour\u00e9 Abdoulaye habite la commune d\u2019Abobo. Nous l\u2019avons rencontr\u00e9 \u00e0 Angr\u00e9, le dimanche 20 juin 2021. Selon son t\u00e9moignage, l\u2019un de ses amis vit dans une zone \u00e0 risque du c\u00f4t\u00e9 du quartier Kennedy : \u00ab J\u2019habite la commune d\u2019Abobo et hier (samedi 19 juin 2021, ndlr), je suis all\u00e9 rendre visite \u00e0 un ami \u00e0 Abobo-Kennedy. Je lui ai demand\u00e9 de trouver un endroit, parce que nous rentrons dans la saison des pluies et que l\u2019ann\u00e9e derni\u00e8re, il y a eu des d\u00e9g\u00e2ts dans ce quartier. Il m\u2019a dit qu\u2019il a compris. Mais, il se trouve qu\u2019il y a certaines personnes qui disent avoir compris, mais en d\u00e9pit de toutes les campagnes de sensibilisation, elles restent sur place lorsque les gens donnent dos. Il y a effectivement beaucoup d\u2019actes d\u2019incivisme, de sorte quand il y a des d\u00e9g\u00e2ts, c\u2019est le gouvernement doit venir au secours des populations. Je souhaite que le gouvernement multiplie ses campagnes de communication sur cette question, parce que nous ne sommes qu\u2019au d\u00e9but de la saison des pluies \u00bb. <\/p>\n<p><strong>D\u2019autres personnes r\u00e9agissent<\/strong><\/p>\n<p>M. Kouassi Ak\u00e9 estime pour sa part que les populations doivent \u00e9viter certains comportements, notamment, \u00e9viter de d\u00e9poser des sacs d\u2019ordures \u00e0 proximit\u00e9 des caniveaux : \u00ab Ces personnes qui agissent ainsi connaissent la loi et les r\u00e8gles, mais d\u00e9cident de ne pas les respecter. Ce n\u2019est pas correct, de sorte que, chaque fois qu\u2019il pleut, il y a sinistre. Il faut que chacun prenne ses responsabilit\u00e9s, les m\u00e9nages, les groupements et le gouvernement\u00bb.<br \/>\nKab\u00e9 Franck, le pr\u00e9sident de la jeunesse de la Cit\u00e9 4000 D ne d\u00e9plore pas, pour l\u2019instant, de grands d\u00e9g\u00e2ts dans sa cit\u00e9, hormis le \u00ab litige \u00bb qui continue d\u2019opposer les riverains \u00e0 une soci\u00e9t\u00e9 immobili\u00e8re : \u00ab Il y a une cl\u00f4ture qui s\u00e9pare notre cit\u00e9 et un terrain  appartenant \u00e0 une soci\u00e9t\u00e9 immobili\u00e8re. Si la soci\u00e9t\u00e9 immobili\u00e8re ferme le passage de l\u2019eau, cela va cr\u00e9er un gros probl\u00e8me dans la cit\u00e9. Avec les premi\u00e8res pluies qui ont commenc\u00e9, nous avons peur que notre quartier soit inond\u00e9 et que les eaux de ruiss\u00e8lement remontent dans les maisons, parce que le passage est ferm\u00e9. Il y a de l\u2019incivisme, parce qu\u2019on ne peut pas construire sur le passage de l\u2019eau. Il faut que ce genre de constructions soit interdit par l\u2019\u00c9tat, voire d\u00e9moli. C\u2019est vraiment notre cri de c\u0153ur \u00bb.<\/p>\n<p><strong><br \/>\n[ Des conseils donn\u00e9s par le minist\u00e8re aux populations ] <\/strong><\/p>\n<p>Dans un document d\u00e9nomm\u00e9 &#8220;Alerte inondation&#8221;,   les bons comportements \u00e0 adopter, le ministre de l\u2019assainissement et de la salubrit\u00e9 , avant m\u00eame la visite sur le terrain d&#8217;hier , a invit\u00e9  les populations \u00e0 quitter sans d\u00e9lais les zones \u00e0 risques, \u00e0 ne pas s\u2019installer dans les bassins \u00e9creuteurs, les flancs des collines et \u00e0 arr\u00eater de jeter les d\u00e9chets solides dans les rues et dans les caniveaux.<br \/>\nBouak\u00e9 Fofana a exhort\u00e9  \u00e0 arr\u00eater les installations sur les emprises des ouvrages d\u2019assainissement, et de drainage, et \u00e0  \u00e9viter l\u2019utilisation des sachets plastiques. \u00ab De fortes pluies sont annonc\u00e9es, je tiens \u00e0 ma vie et \u00e0 celle de ma famille. Je quitte maintenant les zones \u00e0 risque. La vie de mes enfants me tient \u00e0 c\u0153ur, je redouble de vigilance pendant la saison des pluies \u00bb, lit-on dans les messages diffus\u00e9s par le minist\u00e8re.  <\/p>\n<p><strong>Tour\u00e9 Abdoulaye et Olivier Dion<\/strong><\/p>\n","protected":false},"excerpt":{"rendered":"<p>Le dimanche 20 juin 2021 , le ministre de l\u2019Assainissement et de la Salubrit\u00e9, Bouak\u00e9 Fofana a sillonn\u00e9 des quartiers de Cocody, puis s&#8217;est rendu au carrefour de l\u2019Ind\u00e9ni\u00e9, pour constater l\u2019impact de la forte pluie du samedi 19 juin 2021 au dimanche 20 juin 2021 sur les ouvrages de drainage des eaux de ruissellement, [&hellip;]<\/p>\n","protected":false},"author":3,"featured_media":26049,"comment_status":"closed","ping_status":"closed","sticky":false,"template":"","format":"standard","meta":{"_monsterinsights_skip_tracking":false,"_monsterinsights_sitenote_active":false,"_monsterinsights_sitenote_note":"","_monsterinsights_sitenote_category":0,"footnotes":""},"categories":[2,3],"tags":[],"class_list":["post-26048","post","type-post","status-publish","format-standard","has-post-thumbnail","hentry","category-featured","category-societe"],"_links":{"self":[{"href":"https:\/\/www.lintelligentdabidjan.info\/news\/wp-json\/wp\/v2\/posts\/26048","targetHints":{"allow":["GET"]}}],"collection":[{"href":"https:\/\/www.lintelligentdabidjan.info\/news\/wp-json\/wp\/v2\/posts"}],"about":[{"href":"https:\/\/www.lintelligentdabidjan.info\/news\/wp-json\/wp\/v2\/types\/post"}],"author":[{"embeddable":true,"href":"https:\/\/www.lintelligentdabidjan.info\/news\/wp-json\/wp\/v2\/users\/3"}],"replies":[{"embeddable":true,"href":"https:\/\/www.lintelligentdabidjan.info\/news\/wp-json\/wp\/v2\/comments?post=26048"}],"version-history":[{"count":1,"href":"https:\/\/www.lintelligentdabidjan.info\/news\/wp-json\/wp\/v2\/posts\/26048\/revisions"}],"predecessor-version":[{"id":26050,"href":"https:\/\/www.lintelligentdabidjan.info\/news\/wp-json\/wp\/v2\/posts\/26048\/revisions\/26050"}],"wp:featuredmedia":[{"embeddable":true,"href":"https:\/\/www.lintelligentdabidjan.info\/news\/wp-json\/wp\/v2\/media\/26049"}],"wp:attachment":[{"href":"https:\/\/www.lintelligentdabidjan.info\/news\/wp-json\/wp\/v2\/media?parent=26048"}],"wp:term":[{"taxonomy":"category","embeddable":true,"href":"https:\/\/www.lintelligentdabidjan.info\/news\/wp-json\/wp\/v2\/categories?post=26048"},{"taxonomy":"post_tag","embeddable":true,"href":"https:\/\/www.lintelligentdabidjan.info\/news\/wp-json\/wp\/v2\/tags?post=26048"}],"curies":[{"name":"wp","href":"https:\/\/api.w.org\/{rel}","templated":true}]}}