{"id":26111,"date":"2021-06-25T15:13:27","date_gmt":"2021-06-25T13:13:27","guid":{"rendered":"https:\/\/www.lintelligentdabidjan.info\/news\/?p=26111"},"modified":"2021-06-25T15:34:25","modified_gmt":"2021-06-25T13:34:25","slug":"cote-divoire-fin-de-calvaire-pour-les-collectivites-locales-a-partir-de-lundi-28-juin-2021","status":"publish","type":"post","link":"https:\/\/www.lintelligentdabidjan.info\/news\/cote-divoire-fin-de-calvaire-pour-les-collectivites-locales-a-partir-de-lundi-28-juin-2021\/","title":{"rendered":"C\u00f4te d&#8217;Ivoire : fin de calvaire pour les collectivit\u00e9s locales \u00e0 partir de lundi 28 juin 2021"},"content":{"rendered":"<p><em><strong>Plus de 100 milliards Fcfa vont \u00eatre d\u00e9bloqu\u00e9s \u00e0 partir du lundi 28 juin 2021 par l\u2019\u00c9tat de C\u00f4te d&#8217;Ivoire en faveur des collectivit\u00e9s territoriales du pays.<\/strong><\/em><\/p>\n<p>Victoire pour les collectivit\u00e9s locales et territoriales ! Victoire pour le maire de Tiassal\u00e9, Assal\u00e9 Tiemoko, avec les paiements qui seront effectu\u00e9s \u00e0 partir de lundi 28 juin 2021. On se souvient que c&#8217;est le maire Assal\u00e9 Ti\u00e9moko avait port\u00e9 \u00e0 l&#8217;attention de l&#8217;opinion publique , les difficult\u00e9s que vivaient les collectivit\u00e9s locales , en cette ann\u00e9e 2021.<\/p>\n<p>C&#8217;est \u00e9galement un soulagement pour les gouverneurs de Districts, les maires et les pr\u00e9sident de conseils r\u00e9gionaux qui souffraient, et dont les administr\u00e9s et partenaires souffraient \u00e9galement, pour d\u00e9faut de reversement des parts qui leur \u00e9taient dues par le Tr\u00e9sor.<\/p>\n<p>En effet, depuis plusieurs semaines, les mairies, les conseils r\u00e9gionaux et les Districts \u00e9taient priv\u00e9s de leurs ressources parce qu&#8217;au niveau des imports, des acteurs g\u00e9rant la remise des \u00e9tats financiers avaient arr\u00eat\u00e9 le processus.<\/p>\n<p><strong><br \/>\n[ Le probl\u00e8me venait de la DGI ] <\/strong><\/p>\n<p>Au niveau de la recette principale des imp\u00f4ts qui centralise 95 % des imp\u00f4ts et recettes, la responsable avait \u00e9mis des r\u00e9serves sur la certification des \u00e9tats de 2020. Ayant \u00e9t\u00e9 nomm\u00e9e en juillet 2020, la dame avait refus\u00e9 de valider le bilan de 2020, au m\u00e9pris des r\u00e8gles de comptabilit\u00e9 et des usages faisant \u00e9tat de ce que sa responsabilit\u00e9 personnelle n&#8217;est pas engag\u00e9e. En effet sa responsabilit\u00e9 n&#8217;est engag\u00e9e que pour la p\u00e9riode courant \u00e0 partir de sa nomination.<\/p>\n<p><strong>[ Soup\u00e7ons de z\u00e8le et d&#8217;insubordination ] <\/strong><\/p>\n<p>Malgr\u00e9 les instructions du DG des imp\u00f4ts et celles du DG du Tr\u00e9sor, la responsable en question, n&#8217;a pas obtemp\u00e9r\u00e9. Face \u00e0 cette attitude per\u00e7ue comme une insubordination mettant \u00e0 mal le fonctionnement des collectivit\u00e9s locales, et pouvant m\u00eame conduire \u00e0 une paralysie totale de la politique de d\u00e9centralisation de l\u2019\u00c9tat, des mesures conservatoires ont \u00e9t\u00e9 prises.<\/p>\n<p>Ainsi les mairies, les conseils r\u00e9gionaux et les Districts seront pay\u00e9s \u00e0 compter de lundi.<\/p>\n<p><strong><br \/>\n[ Menaces de plaintes ] <\/strong><\/p>\n<p>Toutefois en cette p\u00e9riode de transparence et de bonne gouvernance pr\u00f4n\u00e9e par le gouvernement , des \u00e9lus locaux n&#8217;excluent pas de porter plainte contre X aux fins de dommages et int\u00e9r\u00eats et surtout d&#8217;\u00e9lucidation de la cha\u00eene de responsabilit\u00e9s.<\/p>\n<p>En effet, ces \u00e9lus souhaitent une enqu\u00eate administrative et m\u00eame p\u00e9nale sur la question , qui constitue selon eux, au-del\u00e0 du simple dysfonctionnement, un acte de sabotage et de troubles \u00e0 l&#8217;ordre public. Affaire \u00e0 suivre !<\/p>\n<p><strong><br \/>\nCharles Kouassi <\/strong><\/p>\n","protected":false},"excerpt":{"rendered":"<p>Plus de 100 milliards Fcfa vont \u00eatre d\u00e9bloqu\u00e9s \u00e0 partir du lundi 28 juin 2021 par l\u2019\u00c9tat de C\u00f4te d&#8217;Ivoire en faveur des collectivit\u00e9s territoriales du pays. Victoire pour les collectivit\u00e9s locales et territoriales ! Victoire pour le maire de Tiassal\u00e9, Assal\u00e9 Tiemoko, avec les paiements qui seront effectu\u00e9s \u00e0 partir de lundi 28 juin [&hellip;]<\/p>\n","protected":false},"author":3,"featured_media":26112,"comment_status":"closed","ping_status":"closed","sticky":false,"template":"","format":"standard","meta":{"_monsterinsights_skip_tracking":false,"_monsterinsights_sitenote_active":false,"_monsterinsights_sitenote_note":"","_monsterinsights_sitenote_category":0,"footnotes":""},"categories":[2,3],"tags":[1195,1196,77,1197],"class_list":["post-26111","post","type-post","status-publish","format-standard","has-post-thumbnail","hentry","category-featured","category-societe","tag-calvaire","tag-collectivites","tag-cote-divoire","tag-locales"],"_links":{"self":[{"href":"https:\/\/www.lintelligentdabidjan.info\/news\/wp-json\/wp\/v2\/posts\/26111","targetHints":{"allow":["GET"]}}],"collection":[{"href":"https:\/\/www.lintelligentdabidjan.info\/news\/wp-json\/wp\/v2\/posts"}],"about":[{"href":"https:\/\/www.lintelligentdabidjan.info\/news\/wp-json\/wp\/v2\/types\/post"}],"author":[{"embeddable":true,"href":"https:\/\/www.lintelligentdabidjan.info\/news\/wp-json\/wp\/v2\/users\/3"}],"replies":[{"embeddable":true,"href":"https:\/\/www.lintelligentdabidjan.info\/news\/wp-json\/wp\/v2\/comments?post=26111"}],"version-history":[{"count":2,"href":"https:\/\/www.lintelligentdabidjan.info\/news\/wp-json\/wp\/v2\/posts\/26111\/revisions"}],"predecessor-version":[{"id":26114,"href":"https:\/\/www.lintelligentdabidjan.info\/news\/wp-json\/wp\/v2\/posts\/26111\/revisions\/26114"}],"wp:featuredmedia":[{"embeddable":true,"href":"https:\/\/www.lintelligentdabidjan.info\/news\/wp-json\/wp\/v2\/media\/26112"}],"wp:attachment":[{"href":"https:\/\/www.lintelligentdabidjan.info\/news\/wp-json\/wp\/v2\/media?parent=26111"}],"wp:term":[{"taxonomy":"category","embeddable":true,"href":"https:\/\/www.lintelligentdabidjan.info\/news\/wp-json\/wp\/v2\/categories?post=26111"},{"taxonomy":"post_tag","embeddable":true,"href":"https:\/\/www.lintelligentdabidjan.info\/news\/wp-json\/wp\/v2\/tags?post=26111"}],"curies":[{"name":"wp","href":"https:\/\/api.w.org\/{rel}","templated":true}]}}