{"id":26121,"date":"2021-06-28T00:53:59","date_gmt":"2021-06-27T22:53:59","guid":{"rendered":"https:\/\/www.lintelligentdabidjan.info\/news\/?p=26121"},"modified":"2021-06-28T00:54:18","modified_gmt":"2021-06-27T22:54:18","slug":"cote-divoire-celine-nobah-adece-ci-nous-voulons-contribuer-au-developpement-de-leducation","status":"publish","type":"post","link":"https:\/\/www.lintelligentdabidjan.info\/news\/cote-divoire-celine-nobah-adece-ci-nous-voulons-contribuer-au-developpement-de-leducation\/","title":{"rendered":"C\u00f4te d&#8217;Ivoire , C\u00e9line Nobah, (Adece-ci) : \u201cNous voulons contribuer au d\u00e9veloppement de l\u2019\u00e9ducation\u201d"},"content":{"rendered":"<p><em><strong>\u00ab Nous voulons contribuer au d\u00e9veloppement de l\u2019\u00e9ducation en C\u00f4te d\u2019Ivoire \u00bb, a dit C\u00e9line Nobah, pr\u00e9sidente de l\u2019association d\u2019\u00e9ducation compar\u00e9e et des \u00e9changes-C\u00f4te d\u2019Ivoire (Adece-ci), lors  d\u2019un  point de presse le vendredi 26 juin 2021 au si\u00e8ge de l\u2019Unesco \u00e0 Cocody-Angr\u00e9 en pr\u00e9lude \u00e0 la  conf\u00e9rence de presse d\u2019ouverture de l\u2019Adece-ci pr\u00e9vue pour le 29 juillet 2021 .<\/strong><\/em><\/p>\n<p>\u00ab La conf\u00e9rence de presse d\u2019ouverture de l\u2019association se tiendra le 29 juillet 2021. Nous voulons contribuer au d\u00e9veloppement de l\u2019\u00e9ducation en C\u00f4te d\u2019Ivoire en tenant compte des bienfaits que peut apporter l\u2019\u00e9ducation compar\u00e9e et les \u00e9changes. L\u2019\u00e9ducation compar\u00e9e, c\u2019est s&#8217;impr\u00e9gner des bienfaits des strat\u00e9gies \u00e9ducatives des autres pays et les implanter en C\u00f4te d\u2019Ivoire en tenant compte des sp\u00e9cificit\u00e9s. Que tous ceux qui aiment l\u2019\u00e9ducation nous rejoignent dans notre programme. En C\u00f4te d\u2019Ivoire, nos probl\u00e8mes sont entre autres les effectifs pl\u00e9thoriques, les grossesses en milieu scolaire, les probl\u00e8mes du plurilinguisme, d&#8217;alphab\u00e9tisation\u2026 Nous sommes des chercheurs, des formateurs, des experts et nous avons d\u00e9j\u00e0 certaines solutions s\u00fbres. Avec la d\u00e9marche dite hypoth\u00e9tico-d\u00e9ductive, nous montrerons nos r\u00e9sultats au politique \u00bb, a dit C\u00e9line Nobah,  vice-pr\u00e9sidente des femmes chercheurs de C\u00f4te d\u2019Ivoire et  pr\u00e9sidente de l\u2019Adece-ci<br \/>\nRepr\u00e9sentant Anne Lemaistre, repr\u00e9sentante de l\u2019Unesco en C\u00f4te d\u2019Ivoire, Gervais Anoma a encourag\u00e9 cette initiative de l\u2019Adece-ci. \u00ab Nous avons trouv\u00e9 cette initiative louable. L\u2019Unesco prend part \u00e0 l\u2019\u00e9tablissement des \u00e9tats g\u00e9n\u00e9raux de l\u2019\u00e9ducation qui d\u00e9buteront le 29 juillet 2021 et vous y aurez toute votre place. En C\u00f4te d\u2019Ivoire, nous avons de bonne structure et de bonne base, il faut juste se mettre ensemble \u00bb, a dit Gervais Anoma, s\u2019adressant \u00e0 l\u2019Adece-ci.<br \/>\nL\u2019Association d\u2019\u00e9ducation compar\u00e9e et des \u00e9changes-C\u00f4te d\u2019Ivoire (Adece-ci), est une branche de l\u2019Association fran\u00e7aise d\u2019\u00e9ducation compar\u00e9e et des \u00e9changes (Afdece). Tout comme la branche fran\u00e7aise, elle entend prendre une part active dans le d\u00e9veloppement de l\u2019\u00e9ducation.  <\/p>\n<p><strong>Tour\u00e9 Abdoulaye avec O. Djibril (stagiaire)<br \/>\n <\/strong><\/p>\n","protected":false},"excerpt":{"rendered":"<p>\u00ab Nous voulons contribuer au d\u00e9veloppement de l\u2019\u00e9ducation en C\u00f4te d\u2019Ivoire \u00bb, a dit C\u00e9line Nobah, pr\u00e9sidente de l\u2019association d\u2019\u00e9ducation compar\u00e9e et des \u00e9changes-C\u00f4te d\u2019Ivoire (Adece-ci), lors d\u2019un point de presse le vendredi 26 juin 2021 au si\u00e8ge de l\u2019Unesco \u00e0 Cocody-Angr\u00e9 en pr\u00e9lude \u00e0 la conf\u00e9rence de presse d\u2019ouverture de l\u2019Adece-ci pr\u00e9vue pour le [&hellip;]<\/p>\n","protected":false},"author":3,"featured_media":26122,"comment_status":"closed","ping_status":"closed","sticky":false,"template":"","format":"standard","meta":{"_monsterinsights_skip_tracking":false,"_monsterinsights_sitenote_active":false,"_monsterinsights_sitenote_note":"","_monsterinsights_sitenote_category":0,"footnotes":""},"categories":[2,3],"tags":[1199,1198,77,1200],"class_list":["post-26121","post","type-post","status-publish","format-standard","has-post-thumbnail","hentry","category-featured","category-societe","tag-adece-ci","tag-celine-nobah","tag-cote-divoire","tag-education"],"_links":{"self":[{"href":"https:\/\/www.lintelligentdabidjan.info\/news\/wp-json\/wp\/v2\/posts\/26121","targetHints":{"allow":["GET"]}}],"collection":[{"href":"https:\/\/www.lintelligentdabidjan.info\/news\/wp-json\/wp\/v2\/posts"}],"about":[{"href":"https:\/\/www.lintelligentdabidjan.info\/news\/wp-json\/wp\/v2\/types\/post"}],"author":[{"embeddable":true,"href":"https:\/\/www.lintelligentdabidjan.info\/news\/wp-json\/wp\/v2\/users\/3"}],"replies":[{"embeddable":true,"href":"https:\/\/www.lintelligentdabidjan.info\/news\/wp-json\/wp\/v2\/comments?post=26121"}],"version-history":[{"count":1,"href":"https:\/\/www.lintelligentdabidjan.info\/news\/wp-json\/wp\/v2\/posts\/26121\/revisions"}],"predecessor-version":[{"id":26123,"href":"https:\/\/www.lintelligentdabidjan.info\/news\/wp-json\/wp\/v2\/posts\/26121\/revisions\/26123"}],"wp:featuredmedia":[{"embeddable":true,"href":"https:\/\/www.lintelligentdabidjan.info\/news\/wp-json\/wp\/v2\/media\/26122"}],"wp:attachment":[{"href":"https:\/\/www.lintelligentdabidjan.info\/news\/wp-json\/wp\/v2\/media?parent=26121"}],"wp:term":[{"taxonomy":"category","embeddable":true,"href":"https:\/\/www.lintelligentdabidjan.info\/news\/wp-json\/wp\/v2\/categories?post=26121"},{"taxonomy":"post_tag","embeddable":true,"href":"https:\/\/www.lintelligentdabidjan.info\/news\/wp-json\/wp\/v2\/tags?post=26121"}],"curies":[{"name":"wp","href":"https:\/\/api.w.org\/{rel}","templated":true}]}}