{"id":26124,"date":"2021-06-28T14:50:29","date_gmt":"2021-06-28T12:50:29","guid":{"rendered":"https:\/\/www.lintelligentdabidjan.info\/news\/?p=26124"},"modified":"2021-06-28T23:10:24","modified_gmt":"2021-06-28T21:10:24","slug":"entrepreneuriat-en-afrique-des-experts-reflereflechissent-a-la-resilience-des-pme-face-au-covid-19","status":"publish","type":"post","link":"https:\/\/www.lintelligentdabidjan.info\/news\/entrepreneuriat-en-afrique-des-experts-reflereflechissent-a-la-resilience-des-pme-face-au-covid-19\/","title":{"rendered":"entrepreneuriat en Afrique:  Des experts refler\u00e9fl\u00e9chissent \u00e0 la r\u00e9silience des PME face au COVID-19"},"content":{"rendered":"<p><em><strong>Un colloque international sur l\u2019\u00e9cosyst\u00e8me entrepreneurial en Afrique pour d\u00e9finir les strat\u00e9gies d\u2019accompagnement des Petites et moyennes entreprises (PME) et analyser leurs capacit\u00e9s de r\u00e9silience la pand\u00e9mie du COVID-19 s&#8217;est tenu l&#8217;universit\u00e9 F\u00e9lix Houphou\u00ebt-Boigny d\u2019Abidjan les 24 et 25 juin 2021.<\/strong><\/em><\/p>\n<p>Plac\u00e9 sous le parrainage du ministre de l\u2019Economie et des Finances, Adama Coulibaly, ce colloque international s\u2019est d\u00e9roul\u00e9 en pr\u00e9sentiel et en virtuel avec pour objectif principal de d\u00e9battre et d&#8217;apporter des solutions aux probl\u00e8mes qui entravent la cr\u00e9ation, la croissance et la p\u00e9rennit\u00e9 des Pme. <\/p>\n<p>Durant les deux jours, des panels portant sur des th\u00e9matiques comme \u00ab Quelles strat\u00e9gies d\u2019accompagnement des PME en Afrique ? \u00bb et \u00ab La r\u00e9silience des PME \u00e0 l\u2019\u00e8re de la pand\u00e9mie de Covid-19 \u00bb ont \u00e9t\u00e9 anim\u00e9s par diff\u00e9rents experts et sp\u00e9cialistes des universit\u00e9s du Qu\u00e9bec en Outaquais, Cheick Anta Diop de Dakar, Audencia business school.<\/p>\n<p>Au moins 200 participants issus du monde des d\u00e9cideurs politiques, des partenaires techniques et financiers, des experts, des chercheurs, des enseignants chercheurs ivoiriens et d\u2019ailleurs, notamment ont pris part \u00e0 ce Colloque international.<\/p>\n<p><strong>Y T avec Sercom<\/strong><\/p>\n","protected":false},"excerpt":{"rendered":"<p>Un colloque international sur l\u2019\u00e9cosyst\u00e8me entrepreneurial en Afrique pour d\u00e9finir les strat\u00e9gies d\u2019accompagnement des Petites et moyennes entreprises (PME) et analyser leurs capacit\u00e9s de r\u00e9silience la pand\u00e9mie du COVID-19 s&#8217;est tenu l&#8217;universit\u00e9 F\u00e9lix Houphou\u00ebt-Boigny d\u2019Abidjan les 24 et 25 juin 2021. Plac\u00e9 sous le parrainage du ministre de l\u2019Economie et des Finances, Adama Coulibaly, ce [&hellip;]<\/p>\n","protected":false},"author":3,"featured_media":26125,"comment_status":"closed","ping_status":"closed","sticky":false,"template":"","format":"standard","meta":{"_monsterinsights_skip_tracking":false,"_monsterinsights_sitenote_active":false,"_monsterinsights_sitenote_note":"","_monsterinsights_sitenote_category":0,"footnotes":""},"categories":[2,18,3],"tags":[180,538,203],"class_list":["post-26124","post","type-post","status-publish","format-standard","has-post-thumbnail","hentry","category-featured","category-economie","category-societe","tag-afrique","tag-covid-19","tag-pme"],"_links":{"self":[{"href":"https:\/\/www.lintelligentdabidjan.info\/news\/wp-json\/wp\/v2\/posts\/26124","targetHints":{"allow":["GET"]}}],"collection":[{"href":"https:\/\/www.lintelligentdabidjan.info\/news\/wp-json\/wp\/v2\/posts"}],"about":[{"href":"https:\/\/www.lintelligentdabidjan.info\/news\/wp-json\/wp\/v2\/types\/post"}],"author":[{"embeddable":true,"href":"https:\/\/www.lintelligentdabidjan.info\/news\/wp-json\/wp\/v2\/users\/3"}],"replies":[{"embeddable":true,"href":"https:\/\/www.lintelligentdabidjan.info\/news\/wp-json\/wp\/v2\/comments?post=26124"}],"version-history":[{"count":4,"href":"https:\/\/www.lintelligentdabidjan.info\/news\/wp-json\/wp\/v2\/posts\/26124\/revisions"}],"predecessor-version":[{"id":26129,"href":"https:\/\/www.lintelligentdabidjan.info\/news\/wp-json\/wp\/v2\/posts\/26124\/revisions\/26129"}],"wp:featuredmedia":[{"embeddable":true,"href":"https:\/\/www.lintelligentdabidjan.info\/news\/wp-json\/wp\/v2\/media\/26125"}],"wp:attachment":[{"href":"https:\/\/www.lintelligentdabidjan.info\/news\/wp-json\/wp\/v2\/media?parent=26124"}],"wp:term":[{"taxonomy":"category","embeddable":true,"href":"https:\/\/www.lintelligentdabidjan.info\/news\/wp-json\/wp\/v2\/categories?post=26124"},{"taxonomy":"post_tag","embeddable":true,"href":"https:\/\/www.lintelligentdabidjan.info\/news\/wp-json\/wp\/v2\/tags?post=26124"}],"curies":[{"name":"wp","href":"https:\/\/api.w.org\/{rel}","templated":true}]}}