{"id":26169,"date":"2021-07-07T00:59:44","date_gmt":"2021-07-06T22:59:44","guid":{"rendered":"https:\/\/www.lintelligentdabidjan.info\/news\/?p=26169"},"modified":"2021-07-07T01:00:01","modified_gmt":"2021-07-06T23:00:01","slug":"cooperation-militaire-fin-de-mission-pour-deux-attaches-de-defense-en-cote-divoire-les-colonels-clochard-et-mancotywa-recoivent-des-medailles-de-lordre-national","status":"publish","type":"post","link":"https:\/\/www.lintelligentdabidjan.info\/news\/cooperation-militaire-fin-de-mission-pour-deux-attaches-de-defense-en-cote-divoire-les-colonels-clochard-et-mancotywa-recoivent-des-medailles-de-lordre-national\/","title":{"rendered":"Coop\u00e9ration militaire- Fin de mission pour deux attach\u00e9s de d\u00e9fense en C\u00f4te d\u2019Ivoire Les colonels Clochard et Mancotywa re\u00e7oivent des m\u00e9dailles de l\u2019Ordre national"},"content":{"rendered":"<p><em><strong>Le colonel Xavier Clochard, attach\u00e9 de d\u00e9fense  de la France et le colonel Kido Mancotywa, attach\u00e9 de d\u00e9fense de l\u2019Afrique du Sud sont en fin de mission en C\u00f4te d\u2019Ivoire. Pour marquer leur d\u00e9part, ils ont  re\u00e7u, le lundi 5 juillet 2021 des mains du ministre d\u2019\u00c9tat, ministre de la D\u00e9fense, des m\u00e9dailles de l\u2019Ordre national.<\/strong><\/em><\/p>\n<p>Au nom du Pr\u00e9sident de la R\u00e9publique et en vertu des pouvoirs qui lui sont conf\u00e9r\u00e9s, T\u00e9n\u00e9 Birahima Ouattara, ministre d\u2019\u00c9tat, ministre de la D\u00e9fense a \u00e9lev\u00e9 les colonels Xavier Clochard et Kido Mancotywa, respectivement au grade d\u2019Officier de l\u2019Ordre national et Chevalier de l\u2019Ordre du M\u00e9rite ivoirien, pour l\u2019excellence de la coop\u00e9ration militaire entre la France, \u00e0 travers l\u2019ouverture de l\u2019Acad\u00e9mie internationale de lutte contre le terrorisme de Jacqueville et l\u2019Afrique du Sud, dans le domaine de la formation des officiers ivoiriens. T\u00e9n\u00e9 Birahima Ouattara a profit\u00e9 de sa rencontre avec les attach\u00e9s de d\u00e9fense des ambassades accr\u00e9dit\u00e9es en C\u00f4te d\u2019Ivoire, pour rappeler la d\u00e9termination du Pr\u00e9sident Alassane Ouattara, chef supr\u00eame des Arm\u00e9es, \u00e0 faire face \u00e0 la menace terroriste qui n\u2019\u00e9pargne pas la C\u00f4te d\u2019Ivoire : \u00ab Le Pr\u00e9sident de la R\u00e9publique et le gouvernement ivoirien sont d\u00e9termin\u00e9s \u00e0 maintenir la paix et la s\u00e9curit\u00e9 sur l\u2019ensemble du territoire A cet effet, une zone op\u00e9rationnelle du Nord a \u00e9t\u00e9 cr\u00e9\u00e9e afin de mieux contr\u00f4ler cette partie du territoire et mettre hors d\u2019\u00e9tat de nuire, les bandes criminelles et terroristes qui cherchent \u00e0 s\u2019y implanter \u00bb. T\u00e9n\u00e9 Birahima Ouattara a sollicit\u00e9 la coop\u00e9ration entre les \u00c9tats pour atteindre rapidement cet objectif. Le colonel Xavier Clochard, appel\u00e9 \u00e0 d\u2019autres fonctions \u00e0 Bruxelles, en Belgique, dans le cadre de la lutte contre le terrorisme, a travaill\u00e9 au cabinet du ministre de la D\u00e9fense en tant que conseiller, entre 2013 et 2015. Apr\u00e8s des fonctions exerc\u00e9es dans d\u2019autres pays en Afrique et dans les Balcans, le colonel Xavier Clochard revient en C\u00f4te d\u2019Ivoire, en 2018, lorsqu\u2019il est nomm\u00e9 attach\u00e9 de d\u00e9fense de l\u2019ambassade de France. Quant au colonel Kido Mancotywa, officier des Forces sp\u00e9ciales, il est en fonction \u00e0 l\u2019ambassade de l\u2019Afrique du Sud \u00e0 Abidjan, depuis juillet 2017.<br \/>\n<strong><br \/>\nOlivier Dion<\/strong><\/p>\n","protected":false},"excerpt":{"rendered":"<p>Le colonel Xavier Clochard, attach\u00e9 de d\u00e9fense de la France et le colonel Kido Mancotywa, attach\u00e9 de d\u00e9fense de l\u2019Afrique du Sud sont en fin de mission en C\u00f4te d\u2019Ivoire. Pour marquer leur d\u00e9part, ils ont re\u00e7u, le lundi 5 juillet 2021 des mains du ministre d\u2019\u00c9tat, ministre de la D\u00e9fense, des m\u00e9dailles de l\u2019Ordre [&hellip;]<\/p>\n","protected":false},"author":3,"featured_media":26170,"comment_status":"closed","ping_status":"closed","sticky":false,"template":"","format":"standard","meta":{"_monsterinsights_skip_tracking":false,"_monsterinsights_sitenote_active":false,"_monsterinsights_sitenote_note":"","_monsterinsights_sitenote_category":0,"footnotes":""},"categories":[2,1,17],"tags":[],"class_list":["post-26169","post","type-post","status-publish","format-standard","has-post-thumbnail","hentry","category-featured","category-actualites","category-politique"],"_links":{"self":[{"href":"https:\/\/www.lintelligentdabidjan.info\/news\/wp-json\/wp\/v2\/posts\/26169","targetHints":{"allow":["GET"]}}],"collection":[{"href":"https:\/\/www.lintelligentdabidjan.info\/news\/wp-json\/wp\/v2\/posts"}],"about":[{"href":"https:\/\/www.lintelligentdabidjan.info\/news\/wp-json\/wp\/v2\/types\/post"}],"author":[{"embeddable":true,"href":"https:\/\/www.lintelligentdabidjan.info\/news\/wp-json\/wp\/v2\/users\/3"}],"replies":[{"embeddable":true,"href":"https:\/\/www.lintelligentdabidjan.info\/news\/wp-json\/wp\/v2\/comments?post=26169"}],"version-history":[{"count":1,"href":"https:\/\/www.lintelligentdabidjan.info\/news\/wp-json\/wp\/v2\/posts\/26169\/revisions"}],"predecessor-version":[{"id":26171,"href":"https:\/\/www.lintelligentdabidjan.info\/news\/wp-json\/wp\/v2\/posts\/26169\/revisions\/26171"}],"wp:featuredmedia":[{"embeddable":true,"href":"https:\/\/www.lintelligentdabidjan.info\/news\/wp-json\/wp\/v2\/media\/26170"}],"wp:attachment":[{"href":"https:\/\/www.lintelligentdabidjan.info\/news\/wp-json\/wp\/v2\/media?parent=26169"}],"wp:term":[{"taxonomy":"category","embeddable":true,"href":"https:\/\/www.lintelligentdabidjan.info\/news\/wp-json\/wp\/v2\/categories?post=26169"},{"taxonomy":"post_tag","embeddable":true,"href":"https:\/\/www.lintelligentdabidjan.info\/news\/wp-json\/wp\/v2\/tags?post=26169"}],"curies":[{"name":"wp","href":"https:\/\/api.w.org\/{rel}","templated":true}]}}