{"id":2622,"date":"2017-02-02T08:45:25","date_gmt":"2017-02-02T07:45:25","guid":{"rendered":"http:\/\/www.lintelligentdabidjan.info\/news\/?p=2622"},"modified":"2017-02-02T08:45:25","modified_gmt":"2017-02-02T07:45:25","slug":"autonomisation-de-la-femme-8-mars-2017-un-autre-jour-pour-lafip-a-geneve","status":"publish","type":"post","link":"https:\/\/www.lintelligentdabidjan.info\/news\/autonomisation-de-la-femme-8-mars-2017-un-autre-jour-pour-lafip-a-geneve\/","title":{"rendered":"Autonomisation de la femme 8 mars 2017, un autre jour pour l\u2019AFIP \u00e0 Gen\u00e8ve"},"content":{"rendered":"<p>Dans le cadre du conseil des droits de l\u2019homme et de la journ\u00e9e de la Femme, un colloque International intitul\u00e9  \u00ab La femme au c\u0153ur de l\u2019\u00e9mergence \u00e9conomique et du d\u00e9veloppement durable sera organis\u00e9 le 08 mars 2017 \u00e0 Gen\u00e8ve.<!--more--><\/p>\n<p> Fort de cela,  Africa Femmes Initiatives Positives (AFIP) a organis\u00e9 une conf\u00e9rence de presse le mercredi 01 f\u00e9vrier 2017, \u00e0 la Chambre du Commerce et d\u2019Industrie de C\u00f4te d\u2019Ivoire.<br \/>\nLors de cette rencontre avec la presse, la Pr\u00e9sidente de l\u2019Afip, D\u00e9sir\u00e9e Djomand, a pr\u00e9cis\u00e9 les objectifs de ce colloque. Pour elle, cela permettra non seulement  de renforcer la sensibilisation sur le r\u00f4le, les comp\u00e9tences et les talents des femmes, qui repr\u00e9sentent, selon elle, une source importante pour l\u2019\u00e9conomie. Mais aussi, de d\u00e9velopper des opportunit\u00e9s de croissance \u00e9conomique et sociale, contribuant d\u2019une mani\u00e8re ou d\u2019une autre aux 17 objectifs de d\u00e9veloppement durable. Pour D\u00e9sir\u00e9e Djomand, ce voyage sera pour l\u2019AFIP, une occasion de pr\u00e9senter des activit\u00e9s innovantes et de bonnes pratiques. Et aussi de renforcer ses comp\u00e9tences et autres favorables pour son bon fonctionnement. Poursuivant, la pr\u00e9sidente de l\u2019AFIP a fait ressortir l\u2019int\u00e9r\u00eat de ce colloque qui est de d\u00e9montrer la volont\u00e9 des femmes de son r\u00e9seau  \u00e0 s\u2019organiser \u00e0 travers le monde pour une meilleure exploration de leurs capacit\u00e9s et savoir-faire dans le domaine socio-\u00e9conomique. Les r\u00e9sultats attendus sont donc entre autres  l\u2019exposition de ses activit\u00e9s \u00e0 l\u2019\u00e9chelle nationale, la d\u00e9couverte de nouveaux partenaires et de nouvelles exp\u00e9riences qui lui permettra d\u2019accro\u00eetre ses capacit\u00e9s tant financi\u00e8res et humaines. S\u2019ajoute \u00e0 cela, la mise en place du Centre d\u2019Entreprenariat F\u00e9minin pour l\u2019Autonomisation et le Leadership (CEFAL) afin d\u2019accro\u00eetre sa notori\u00e9t\u00e9 \u00e0 grande \u00e9chelle.<br \/>\nOD avec AS<\/p>\n","protected":false},"excerpt":{"rendered":"<p>Dans le cadre du conseil des droits de l\u2019homme et de la journ\u00e9e de la Femme, un colloque International intitul\u00e9 \u00ab La femme au c\u0153ur de l\u2019\u00e9mergence \u00e9conomique et du d\u00e9veloppement durable sera organis\u00e9 le 08 mars 2017 \u00e0 Gen\u00e8ve.<\/p>\n","protected":false},"author":2,"featured_media":2623,"comment_status":"closed","ping_status":"closed","sticky":false,"template":"","format":"standard","meta":{"_monsterinsights_skip_tracking":false,"_monsterinsights_sitenote_active":false,"_monsterinsights_sitenote_note":"","_monsterinsights_sitenote_category":0,"footnotes":""},"categories":[3],"tags":[],"class_list":["post-2622","post","type-post","status-publish","format-standard","has-post-thumbnail","hentry","category-societe"],"_links":{"self":[{"href":"https:\/\/www.lintelligentdabidjan.info\/news\/wp-json\/wp\/v2\/posts\/2622","targetHints":{"allow":["GET"]}}],"collection":[{"href":"https:\/\/www.lintelligentdabidjan.info\/news\/wp-json\/wp\/v2\/posts"}],"about":[{"href":"https:\/\/www.lintelligentdabidjan.info\/news\/wp-json\/wp\/v2\/types\/post"}],"author":[{"embeddable":true,"href":"https:\/\/www.lintelligentdabidjan.info\/news\/wp-json\/wp\/v2\/users\/2"}],"replies":[{"embeddable":true,"href":"https:\/\/www.lintelligentdabidjan.info\/news\/wp-json\/wp\/v2\/comments?post=2622"}],"version-history":[{"count":1,"href":"https:\/\/www.lintelligentdabidjan.info\/news\/wp-json\/wp\/v2\/posts\/2622\/revisions"}],"predecessor-version":[{"id":2624,"href":"https:\/\/www.lintelligentdabidjan.info\/news\/wp-json\/wp\/v2\/posts\/2622\/revisions\/2624"}],"wp:featuredmedia":[{"embeddable":true,"href":"https:\/\/www.lintelligentdabidjan.info\/news\/wp-json\/wp\/v2\/media\/2623"}],"wp:attachment":[{"href":"https:\/\/www.lintelligentdabidjan.info\/news\/wp-json\/wp\/v2\/media?parent=2622"}],"wp:term":[{"taxonomy":"category","embeddable":true,"href":"https:\/\/www.lintelligentdabidjan.info\/news\/wp-json\/wp\/v2\/categories?post=2622"},{"taxonomy":"post_tag","embeddable":true,"href":"https:\/\/www.lintelligentdabidjan.info\/news\/wp-json\/wp\/v2\/tags?post=2622"}],"curies":[{"name":"wp","href":"https:\/\/api.w.org\/{rel}","templated":true}]}}