{"id":26321,"date":"2021-07-30T22:19:13","date_gmt":"2021-07-30T20:19:13","guid":{"rendered":"https:\/\/www.lintelligentdabidjan.info\/news\/?p=26321"},"modified":"2021-07-30T22:57:09","modified_gmt":"2021-07-30T20:57:09","slug":"cote-divoire-kone-katinan-explique-pourquoi-gbagbo-avait-un-large-sourire-face-a-ouattara","status":"publish","type":"post","link":"https:\/\/www.lintelligentdabidjan.info\/news\/cote-divoire-kone-katinan-explique-pourquoi-gbagbo-avait-un-large-sourire-face-a-ouattara\/","title":{"rendered":"C\u00f4te d&#8217;Ivoire: Kon\u00e9 Katinan explique pourquoi Gbagbo avait un large sourire face \u00e0 Ouattara"},"content":{"rendered":"<p><em><strong>Kon\u00e9 Katinan, porte-parole de l&#8217;ex Pr\u00e9sident Laurent Gbagbo, explique que celui-ci avait un large sourire face au Pr\u00e9sident Alassane Ouattara, parce qu&#8217;il pensait \u00e0 son retour prochain au Palais pr\u00e9sidentiel, en qualit\u00e9 de Pr\u00e9sident de la R\u00e9publique.<\/strong><\/em><\/p>\n<p>Les propos ont \u00e9t\u00e9 tenus le vendredi  30 juillet 2021, alors que Kon\u00e9 Katina rencontrait  \u00e0 Abidjan Yopougon,  la Cellule des enseignants membres du FPI (CEFPI).<\/p>\n<p>\u00c0 cette occasion, Kon\u00e9 Katinan, vice-pr\u00e9sident du FPI pro-Gbagbo, a dit qu&#8217;\u00e0 travers son sourire, le Pr\u00e9sident Laurent Gbagbo disait que l\u00e0 o\u00f9 je suis rentr\u00e9 l\u00e0, je vais y entrer  bient\u00f4t et je n&#8217;en ressortirai plus.<\/p>\n<p>L&#8217;ex exil\u00e9 \u00e0 Accra entendait entendait r\u00e9pondre \u00e0 ceux qui semblaient s&#8217;inqui\u00e9ter du sourire du Pr\u00e9sident Laurent Gbagbo, au cours de sa rencontre avec Alassane Ouattara. Des sourires qui faisaient \u00e9chos \u00e0 ceux du chef de l&#8217;\u00c9tat ivoirien.<\/p>\n<p><strong>Koffo JH<\/strong><\/p>\n","protected":false},"excerpt":{"rendered":"<p>Kon\u00e9 Katinan, porte-parole de l&#8217;ex Pr\u00e9sident Laurent Gbagbo, explique que celui-ci avait un large sourire face au Pr\u00e9sident Alassane Ouattara, parce qu&#8217;il pensait \u00e0 son retour prochain au Palais pr\u00e9sidentiel, en qualit\u00e9 de Pr\u00e9sident de la R\u00e9publique. Les propos ont \u00e9t\u00e9 tenus le vendredi 30 juillet 2021, alors que Kon\u00e9 Katina rencontrait \u00e0 Abidjan Yopougon, [&hellip;]<\/p>\n","protected":false},"author":3,"featured_media":26322,"comment_status":"closed","ping_status":"closed","sticky":false,"template":"","format":"standard","meta":{"_monsterinsights_skip_tracking":false,"_monsterinsights_sitenote_active":false,"_monsterinsights_sitenote_note":"","_monsterinsights_sitenote_category":0,"footnotes":""},"categories":[2,17],"tags":[77,175,1217,34],"class_list":["post-26321","post","type-post","status-publish","format-standard","has-post-thumbnail","hentry","category-featured","category-politique","tag-cote-divoire","tag-gbagbo","tag-kone-katinan","tag-ouattara"],"_links":{"self":[{"href":"https:\/\/www.lintelligentdabidjan.info\/news\/wp-json\/wp\/v2\/posts\/26321","targetHints":{"allow":["GET"]}}],"collection":[{"href":"https:\/\/www.lintelligentdabidjan.info\/news\/wp-json\/wp\/v2\/posts"}],"about":[{"href":"https:\/\/www.lintelligentdabidjan.info\/news\/wp-json\/wp\/v2\/types\/post"}],"author":[{"embeddable":true,"href":"https:\/\/www.lintelligentdabidjan.info\/news\/wp-json\/wp\/v2\/users\/3"}],"replies":[{"embeddable":true,"href":"https:\/\/www.lintelligentdabidjan.info\/news\/wp-json\/wp\/v2\/comments?post=26321"}],"version-history":[{"count":2,"href":"https:\/\/www.lintelligentdabidjan.info\/news\/wp-json\/wp\/v2\/posts\/26321\/revisions"}],"predecessor-version":[{"id":26324,"href":"https:\/\/www.lintelligentdabidjan.info\/news\/wp-json\/wp\/v2\/posts\/26321\/revisions\/26324"}],"wp:featuredmedia":[{"embeddable":true,"href":"https:\/\/www.lintelligentdabidjan.info\/news\/wp-json\/wp\/v2\/media\/26322"}],"wp:attachment":[{"href":"https:\/\/www.lintelligentdabidjan.info\/news\/wp-json\/wp\/v2\/media?parent=26321"}],"wp:term":[{"taxonomy":"category","embeddable":true,"href":"https:\/\/www.lintelligentdabidjan.info\/news\/wp-json\/wp\/v2\/categories?post=26321"},{"taxonomy":"post_tag","embeddable":true,"href":"https:\/\/www.lintelligentdabidjan.info\/news\/wp-json\/wp\/v2\/tags?post=26321"}],"curies":[{"name":"wp","href":"https:\/\/api.w.org\/{rel}","templated":true}]}}