{"id":2637,"date":"2017-02-03T09:57:36","date_gmt":"2017-02-03T08:57:36","guid":{"rendered":"http:\/\/www.lintelligentdabidjan.info\/news\/?p=2637"},"modified":"2017-02-03T09:57:36","modified_gmt":"2017-02-03T08:57:36","slug":"projet-un-etudiant-un-laptop-adou-assemien-president-de-lacotelci-exige-le-bila","status":"publish","type":"post","link":"https:\/\/www.lintelligentdabidjan.info\/news\/projet-un-etudiant-un-laptop-adou-assemien-president-de-lacotelci-exige-le-bila\/","title":{"rendered":"Projet un \u00e9tudiant, un laptop Adou Assemien, pr\u00e9sident de l\u2019Acotelci exige le bila"},"content":{"rendered":"<p>Adou Assemien, pr\u00e9sident de l\u2019Association des consommateurs de t\u00e9l\u00e9communication de C\u00f4te d\u2019Ivoire (ACOTEL.CI), a exprim\u00e9 son m\u00e9contentement sur le projet \u00ab un \u00e9tudiant, un Laptop \u00bb, initi\u00e9 par l\u2019Agence nationale des services universels de t\u00e9l\u00e9communication  (ANSUT).<!--more--><\/p>\n<p> Joint au t\u00e9l\u00e9phone depuis le Canada, le pr\u00e9sident de l\u2019ACOTEL.CI, a indiqu\u00e9 l\u2019id\u00e9e de ce projet est salutaire et noble. Mais, il d\u00e9nonce \u00e0 ce jour, la non concr\u00e9tisation de ce projet qui devrait aider \u00e0 lutter contre la fracture num\u00e9rique dans le monde universitaire en C\u00f4te d\u2019 Ivoire. \u00ab J\u2019ai salu\u00e9 l\u2019annonce de ce projet qui a \u00e9t\u00e9 l\u2019objet de tapage m\u00e9diatique. J\u2019ai applaudi la structure initiatrice  pour avoir pens\u00e9 grand. Mais, des ann\u00e9es apr\u00e8s, on a l\u2019impression que cela a \u00e9t\u00e9 de la poudre aux yeux des Ivoiriens \u00bb, s\u2019est d\u00e9sol\u00e9 Adou Assemien.  Qui r\u00e9clame au demeurant aux responsables de l\u2019ANSUT un bilan de ce projet. Car pour lui, cela ressemble \u00e0 de l\u2019arnaque. Adou Assemien a annonc\u00e9 qu\u2019il prendra toutes les dispositions afin que toute la lumi\u00e8re soit faite sur ce projet de sorte que les souscripteurs qui n\u2019ont pas b\u00e9n\u00e9fici\u00e9 soient r\u00e9tablis dans leurs droits. \u00ab L\u2019Association des consommateurs de t\u00e9l\u00e9communication de C\u00f4te d\u2019Ivoire invite tout consommateur ayant souscrit au projet un \u00e9tudiant, un laptop de l\u2019ANSUT de prendre attache avec son service de communication pour affaire le concernant. Les organes de l\u2019association sont en pleine pr\u00e9paration pour faire respecter vos droits \u00bb, a indiqu\u00e9 le juriste. Pour ce d\u00e9fenseur actif des droits des consommateurs de t\u00e9l\u00e9communication, le secteur des TIC \u00ab repr\u00e9sente un enjeu d\u2019int\u00e9r\u00eat mondial \u00bb. Pour lui, les gouvernants, surtout africains ne doivent pas prendre des engagements allant dans le sens du d\u00e9veloppement de l\u2019Internet sans une \u00e9tude de faisabilit\u00e9 au pr\u00e9alable, dans la mesure o\u00f9 les population y accordent beaucoup d\u2019importance. Il entend engager une grande offensive dans ce sens au sein des organisations internationales dont l\u2019ACOTEL.CI est membre. \u00ab En tant que membre de plusieurs organismes internationaux, dont l\u2019ONU, nous allons mener une v\u00e9ritable campagne de sensibilisation afin que les gens comprennent qu\u2019on ne peut plus continuer \u00e0 accepter que les droits des consommateurs de t\u00e9l\u00e9communication soient bafou\u00e9s. R\u00e9cemment, le ministre Kon\u00e9 Bruno pour qui j\u2019ai beaucoup de respect et que j\u2019ai d\u00e9j\u00e0 f\u00e9licit\u00e9 en certaines occasions a indiqu\u00e9 lors d\u2019un conseil des ministres que le gouvernement a les moyens de suspendre les r\u00e9seaux sociaux. De tels propos sont graves et inacceptables dans un monde qui est en mouvement. Nous consid\u00e9rons cela comme une atteinte aux droits des consommateurs et nous n\u2019allons bas baisser bars \u00bb, a-t-il martel\u00e9.<\/p>\n<p>EF<\/p>\n","protected":false},"excerpt":{"rendered":"<p>Adou Assemien, pr\u00e9sident de l\u2019Association des consommateurs de t\u00e9l\u00e9communication de C\u00f4te d\u2019Ivoire (ACOTEL.CI), a exprim\u00e9 son m\u00e9contentement sur le projet \u00ab un \u00e9tudiant, un Laptop \u00bb, initi\u00e9 par l\u2019Agence nationale des services universels de t\u00e9l\u00e9communication (ANSUT).<\/p>\n","protected":false},"author":2,"featured_media":2638,"comment_status":"closed","ping_status":"closed","sticky":false,"template":"","format":"standard","meta":{"_monsterinsights_skip_tracking":false,"_monsterinsights_sitenote_active":false,"_monsterinsights_sitenote_note":"","_monsterinsights_sitenote_category":0,"footnotes":""},"categories":[3],"tags":[],"class_list":["post-2637","post","type-post","status-publish","format-standard","has-post-thumbnail","hentry","category-societe"],"_links":{"self":[{"href":"https:\/\/www.lintelligentdabidjan.info\/news\/wp-json\/wp\/v2\/posts\/2637","targetHints":{"allow":["GET"]}}],"collection":[{"href":"https:\/\/www.lintelligentdabidjan.info\/news\/wp-json\/wp\/v2\/posts"}],"about":[{"href":"https:\/\/www.lintelligentdabidjan.info\/news\/wp-json\/wp\/v2\/types\/post"}],"author":[{"embeddable":true,"href":"https:\/\/www.lintelligentdabidjan.info\/news\/wp-json\/wp\/v2\/users\/2"}],"replies":[{"embeddable":true,"href":"https:\/\/www.lintelligentdabidjan.info\/news\/wp-json\/wp\/v2\/comments?post=2637"}],"version-history":[{"count":1,"href":"https:\/\/www.lintelligentdabidjan.info\/news\/wp-json\/wp\/v2\/posts\/2637\/revisions"}],"predecessor-version":[{"id":2639,"href":"https:\/\/www.lintelligentdabidjan.info\/news\/wp-json\/wp\/v2\/posts\/2637\/revisions\/2639"}],"wp:featuredmedia":[{"embeddable":true,"href":"https:\/\/www.lintelligentdabidjan.info\/news\/wp-json\/wp\/v2\/media\/2638"}],"wp:attachment":[{"href":"https:\/\/www.lintelligentdabidjan.info\/news\/wp-json\/wp\/v2\/media?parent=2637"}],"wp:term":[{"taxonomy":"category","embeddable":true,"href":"https:\/\/www.lintelligentdabidjan.info\/news\/wp-json\/wp\/v2\/categories?post=2637"},{"taxonomy":"post_tag","embeddable":true,"href":"https:\/\/www.lintelligentdabidjan.info\/news\/wp-json\/wp\/v2\/tags?post=2637"}],"curies":[{"name":"wp","href":"https:\/\/api.w.org\/{rel}","templated":true}]}}