{"id":2640,"date":"2017-02-03T10:08:03","date_gmt":"2017-02-03T09:08:03","guid":{"rendered":"http:\/\/www.lintelligentdabidjan.info\/news\/?p=2640"},"modified":"2017-02-03T10:08:03","modified_gmt":"2017-02-03T09:08:03","slug":"inspection-generale-ifige-une-ecole-pour-la-promotion-de-la-bonne-gouvernance","status":"publish","type":"post","link":"https:\/\/www.lintelligentdabidjan.info\/news\/inspection-generale-ifige-une-ecole-pour-la-promotion-de-la-bonne-gouvernance\/","title":{"rendered":"Inspection g\u00e9n\u00e9rale IFIGE, une \u00e9cole pour la promotion de la bonne gouvernance"},"content":{"rendered":"<p>Le mercredi 01 f\u00e9vrier 2017, \u00e0 l\u2019auditorium de la primature s\u2019est tenue la c\u00e9r\u00e9monie de pr\u00e9sentation des v\u0153ux de nouvel an. Cela, en pr\u00e9sence de l\u2019Inspecteur g\u00e9n\u00e9ral d\u2019Etat, Niamien N\u2019Goran.<!--more--><\/p>\n<p>A cette occasion, Niamien N\u2019Goran, a fait ressortir l\u2019impact de  l\u2019\u00e9cole de formation aux M\u00e9tiers d\u2019Audit et d\u2019Inspection (IFIGE) install\u00e9 \u00e0 l\u2019Institut polytechnique F\u00e9lix Houphou\u00ebt-Boigny de Yamoussoukro depuis 2016. Cet \u00e9tablissement repr\u00e9sente pour les inspecteurs g\u00e9n\u00e9raux, un point d\u2019am\u00e9lioration des capacit\u00e9s pour relever les d\u00e9fis de la promotion de la bonne gouvernance \u00bb. Pour l\u2019inspecteur g\u00e9n\u00e9ral d\u2019Etat, cette \u00e9cole devrait participer  \u00e0 la formation et \u00e0 la mise \u00e0 niveau des cadres des corps de contr\u00f4le de l\u2019ordre administratif n\u00e9cessit\u00e9es par la mise en \u0153uvre de la r\u00e9forme des finances publiques. Niamien N\u2019Goran a encourag\u00e9 les inspecteurs g\u00e9n\u00e9raux \u00e0 s\u2019impr\u00e9gner des enjeux et des r\u00e9sultats attendus de cette r\u00e9forme. Il s\u2019agit surtout de renforcer les m\u00e9thodes de contr\u00f4les internes et responsabiliser les gestionnaires. D\u2019assurer l\u2019efficacit\u00e9, la r\u00e9gularit\u00e9, et l\u2019efficience des op\u00e9rations des services publics. Du garantissement de la production et la publication d\u2019une information publique de qualit\u00e9 \u00e0 toutes les parties prenantes. Et finir pour professionnaliser, organiser et harmoniser les pratiques de contr\u00f4le et d\u2019audit internes et externes. Il \u00e9galement rappel\u00e9 les enjeux-cl\u00e9s qui sont entre autres ; la mise en place des dispositifs de contr\u00f4le interne, l\u2019all\u00e8gement des contr\u00f4les existants exerc\u00e9s par les structures de contr\u00f4le et d\u2019audit, l\u2019orientation des contr\u00f4les vers la recherche de l\u2019efficacit\u00e9, la gestion s\u00e9curis\u00e9e de la fiabilit\u00e9 et de l\u2019int\u00e9grit\u00e9 de l\u2019information et la normalisation du contr\u00f4le et de l\u2019audit interne. L\u2019inspecteur g\u00e9n\u00e9ral d\u2019Etat a, pour finir, dress\u00e9 le bilan d\u2019activit\u00e9s de l\u2019ann\u00e9e 2016 de l\u2019institution qu\u2019il dirige. L\u2019ann\u00e9e pr\u00e9c\u00e9dente a not\u00e9 selon lui, l\u2019organisation de la 6\u00e8me Assembl\u00e9e G\u00e9n\u00e9rale du Forum des Inspections G\u00e9n\u00e9rales d\u2019Etat d\u2019Afrique (FIGE) et du 4\u00e8me colloque du FIGE, \u00e0 Abidjan. Assises \u00e0 l\u2019issue desquelles, l\u2019Inspection g\u00e9n\u00e9rale d\u2019Etat de C\u00f4te d\u2019Ivoire a \u00e9t\u00e9 d\u00e9sign\u00e9e pour assurer la pr\u00e9sidence du Comit\u00e9 Directeur du FIGE. A son tour, Ren\u00e9 Delafosse, au nom du personnel l\u2019Inspection G\u00e9n\u00e9ral d\u2019Etat (IGE),  a d\u00e9fendu la mise en place d\u2019un programme annuel de affermissement des capacit\u00e9s par l\u2019IFIGE.A cela s\u2019ajoute, l\u2019am\u00e9lioration des conditions de travail et l\u2019institution de rencontres d\u2019\u00e9changes p\u00e9riodiques entre d\u00e9partements de l\u2019IGE pour d\u00e9velopper l\u2019esprit d\u2019\u00e9quipe.<br \/>\nOD avec AS ( Sercom<\/p>\n","protected":false},"excerpt":{"rendered":"<p>Le mercredi 01 f\u00e9vrier 2017, \u00e0 l\u2019auditorium de la primature s\u2019est tenue la c\u00e9r\u00e9monie de pr\u00e9sentation des v\u0153ux de nouvel an. Cela, en pr\u00e9sence de l\u2019Inspecteur g\u00e9n\u00e9ral d\u2019Etat, Niamien N\u2019Goran.<\/p>\n","protected":false},"author":2,"featured_media":2641,"comment_status":"closed","ping_status":"closed","sticky":false,"template":"","format":"standard","meta":{"_monsterinsights_skip_tracking":false,"_monsterinsights_sitenote_active":false,"_monsterinsights_sitenote_note":"","_monsterinsights_sitenote_category":0,"footnotes":""},"categories":[3],"tags":[],"class_list":["post-2640","post","type-post","status-publish","format-standard","has-post-thumbnail","hentry","category-societe"],"_links":{"self":[{"href":"https:\/\/www.lintelligentdabidjan.info\/news\/wp-json\/wp\/v2\/posts\/2640","targetHints":{"allow":["GET"]}}],"collection":[{"href":"https:\/\/www.lintelligentdabidjan.info\/news\/wp-json\/wp\/v2\/posts"}],"about":[{"href":"https:\/\/www.lintelligentdabidjan.info\/news\/wp-json\/wp\/v2\/types\/post"}],"author":[{"embeddable":true,"href":"https:\/\/www.lintelligentdabidjan.info\/news\/wp-json\/wp\/v2\/users\/2"}],"replies":[{"embeddable":true,"href":"https:\/\/www.lintelligentdabidjan.info\/news\/wp-json\/wp\/v2\/comments?post=2640"}],"version-history":[{"count":1,"href":"https:\/\/www.lintelligentdabidjan.info\/news\/wp-json\/wp\/v2\/posts\/2640\/revisions"}],"predecessor-version":[{"id":2642,"href":"https:\/\/www.lintelligentdabidjan.info\/news\/wp-json\/wp\/v2\/posts\/2640\/revisions\/2642"}],"wp:featuredmedia":[{"embeddable":true,"href":"https:\/\/www.lintelligentdabidjan.info\/news\/wp-json\/wp\/v2\/media\/2641"}],"wp:attachment":[{"href":"https:\/\/www.lintelligentdabidjan.info\/news\/wp-json\/wp\/v2\/media?parent=2640"}],"wp:term":[{"taxonomy":"category","embeddable":true,"href":"https:\/\/www.lintelligentdabidjan.info\/news\/wp-json\/wp\/v2\/categories?post=2640"},{"taxonomy":"post_tag","embeddable":true,"href":"https:\/\/www.lintelligentdabidjan.info\/news\/wp-json\/wp\/v2\/tags?post=2640"}],"curies":[{"name":"wp","href":"https:\/\/api.w.org\/{rel}","templated":true}]}}