{"id":26459,"date":"2021-08-21T23:44:41","date_gmt":"2021-08-21T21:44:41","guid":{"rendered":"https:\/\/www.lintelligentdabidjan.info\/news\/?p=26459"},"modified":"2021-08-22T00:50:28","modified_gmt":"2021-08-21T22:50:28","slug":"le-ministre-detat-tene-birahima-ouattara-de-retour-a-abidjan","status":"publish","type":"post","link":"https:\/\/www.lintelligentdabidjan.info\/news\/le-ministre-detat-tene-birahima-ouattara-de-retour-a-abidjan\/","title":{"rendered":"Le ministre d\u2019Etat T\u00e9n\u00e9 Birahima Ouattara de retour \u00e0 Abidjan"},"content":{"rendered":"<p><em><strong>En C\u00f4te d&#8217;Ivoire , T\u00e9n\u00e9 Birahima Ouattara , ministre d\u2019\u00c9tat ministre de la D\u00e9fense est de retour \u00e0 Abidjan ce samedi 21 ao\u00fbt 2021, en compagnie de son \u00e9pouse. <\/strong><\/em><\/p>\n<p>De retour \u00e0 Abidjan le samedi 21 ao\u00fbt 2021, T\u00e9n\u00e9 Birahima Ouattara , ministre d\u2019\u00c9tat ministre de la D\u00e9fense,<br \/>\na \u00e9t\u00e9 accueilli \u00e0 sa descente d\u2019avion  au Salon minist\u00e9riel de l\u2019a\u00e9roport international F\u00e9lix Houphou\u00ebt Boigny par des proches et des membres de sa famille. Il est apparu avec une bonne mine, alors qu&#8217;il s&#8217;\u00e9tait rendu \u00e0 Paris, suite \u00e0 son confinement \u00e0 Abidjan pour Covid 19. Le ministre d&#8217;\u00c9tat n&#8217;a pas fait de d\u00e9claration \u00e0 son arriv\u00e9e.<\/p>\n<p><img loading=\"lazy\" decoding=\"async\" src=\"https:\/\/www.lintelligentdabidjan.info\/news\/wp-content\/uploads\/2021\/08\/photo\u00e9-1-300x225.jpg\" alt=\"photo\u00e9 (1)\" width=\"300\" height=\"225\" class=\"alignnone size-medium wp-image-26467\" srcset=\"https:\/\/www.lintelligentdabidjan.info\/news\/wp-content\/uploads\/2021\/08\/photo\u00e9-1-300x225.jpg 300w, https:\/\/www.lintelligentdabidjan.info\/news\/wp-content\/uploads\/2021\/08\/photo\u00e9-1-768x576.jpg 768w, https:\/\/www.lintelligentdabidjan.info\/news\/wp-content\/uploads\/2021\/08\/photo\u00e9-1.jpg 1024w, https:\/\/www.lintelligentdabidjan.info\/news\/wp-content\/uploads\/2021\/08\/photo\u00e9-1-80x60.jpg 80w, https:\/\/www.lintelligentdabidjan.info\/news\/wp-content\/uploads\/2021\/08\/photo\u00e9-1-265x198.jpg 265w, https:\/\/www.lintelligentdabidjan.info\/news\/wp-content\/uploads\/2021\/08\/photo\u00e9-1-696x522.jpg 696w, https:\/\/www.lintelligentdabidjan.info\/news\/wp-content\/uploads\/2021\/08\/photo\u00e9-1-560x420.jpg 560w\" sizes=\"auto, (max-width: 300px) 100vw, 300px\" \/><\/p>\n<p>Dans un communiqu\u00e9 du minist\u00e8re de la D\u00e9fense dat\u00e9 du 3 ao\u00fbt 2021, le directeur de cabinet dudit minist\u00e8re avait annonc\u00e9 que le ministre d&#8217;\u00c9tat s\u2019\u00e9tait mis en confinement apr\u00e8s avoir \u00e9t\u00e9 en contact avec une personne atteinte de la Covid-19.<\/p>\n<p><strong>JT<\/strong><\/p>\n","protected":false},"excerpt":{"rendered":"<p>En C\u00f4te d&#8217;Ivoire , T\u00e9n\u00e9 Birahima Ouattara , ministre d\u2019\u00c9tat ministre de la D\u00e9fense est de retour \u00e0 Abidjan ce samedi 21 ao\u00fbt 2021, en compagnie de son \u00e9pouse. De retour \u00e0 Abidjan le samedi 21 ao\u00fbt 2021, T\u00e9n\u00e9 Birahima Ouattara , ministre d\u2019\u00c9tat ministre de la D\u00e9fense, a \u00e9t\u00e9 accueilli \u00e0 sa descente d\u2019avion [&hellip;]<\/p>\n","protected":false},"author":3,"featured_media":26465,"comment_status":"closed","ping_status":"closed","sticky":false,"template":"","format":"standard","meta":{"_monsterinsights_skip_tracking":false,"_monsterinsights_sitenote_active":false,"_monsterinsights_sitenote_note":"","_monsterinsights_sitenote_category":0,"footnotes":""},"categories":[2,17],"tags":[],"class_list":["post-26459","post","type-post","status-publish","format-standard","has-post-thumbnail","hentry","category-featured","category-politique"],"_links":{"self":[{"href":"https:\/\/www.lintelligentdabidjan.info\/news\/wp-json\/wp\/v2\/posts\/26459","targetHints":{"allow":["GET"]}}],"collection":[{"href":"https:\/\/www.lintelligentdabidjan.info\/news\/wp-json\/wp\/v2\/posts"}],"about":[{"href":"https:\/\/www.lintelligentdabidjan.info\/news\/wp-json\/wp\/v2\/types\/post"}],"author":[{"embeddable":true,"href":"https:\/\/www.lintelligentdabidjan.info\/news\/wp-json\/wp\/v2\/users\/3"}],"replies":[{"embeddable":true,"href":"https:\/\/www.lintelligentdabidjan.info\/news\/wp-json\/wp\/v2\/comments?post=26459"}],"version-history":[{"count":3,"href":"https:\/\/www.lintelligentdabidjan.info\/news\/wp-json\/wp\/v2\/posts\/26459\/revisions"}],"predecessor-version":[{"id":26468,"href":"https:\/\/www.lintelligentdabidjan.info\/news\/wp-json\/wp\/v2\/posts\/26459\/revisions\/26468"}],"wp:featuredmedia":[{"embeddable":true,"href":"https:\/\/www.lintelligentdabidjan.info\/news\/wp-json\/wp\/v2\/media\/26465"}],"wp:attachment":[{"href":"https:\/\/www.lintelligentdabidjan.info\/news\/wp-json\/wp\/v2\/media?parent=26459"}],"wp:term":[{"taxonomy":"category","embeddable":true,"href":"https:\/\/www.lintelligentdabidjan.info\/news\/wp-json\/wp\/v2\/categories?post=26459"},{"taxonomy":"post_tag","embeddable":true,"href":"https:\/\/www.lintelligentdabidjan.info\/news\/wp-json\/wp\/v2\/tags?post=26459"}],"curies":[{"name":"wp","href":"https:\/\/api.w.org\/{rel}","templated":true}]}}