{"id":2667,"date":"2017-02-04T12:03:16","date_gmt":"2017-02-04T11:03:16","guid":{"rendered":"http:\/\/www.lintelligentdabidjan.info\/news\/?p=2667"},"modified":"2017-02-04T12:03:16","modified_gmt":"2017-02-04T11:03:16","slug":"environnement-et-developpement-durable-la-ministre-anne-ouloto-livre-ses-attentes-aux-corps-diplomatiques-et-aux-partenaires-financiers","status":"publish","type":"post","link":"https:\/\/www.lintelligentdabidjan.info\/news\/environnement-et-developpement-durable-la-ministre-anne-ouloto-livre-ses-attentes-aux-corps-diplomatiques-et-aux-partenaires-financiers\/","title":{"rendered":"Environnement et d\u00e9veloppement durable La ministre Anne Ouloto livre ses attentes aux corps diplomatiques et aux partenaires financiers"},"content":{"rendered":"<p>Anne D\u00e9sir\u00e9e Ouloto, ministre de la Salubrit\u00e9, de l\u2019Environnement et du D\u00e9veloppement durable a effectu\u00e9 sa r\u00e9union de rentr\u00e9e minist\u00e9rielle le vendredi 3 f\u00e9vrier 2017 au si\u00e8ge de la Conf\u00e9d\u00e9ration g\u00e9n\u00e9rale des entreprises de C\u00f4te d\u2019Ivoire (CGCI) \u00e0 Abidjan-Plateau. Au cours de cette rencontre,  la ministre a pr\u00e9sent\u00e9 son discours de politique g\u00e9n\u00e9rale aux ambassadeurs, partenaires techniques et financiers ainsi qu\u2019\u00e0 ses collaborateurs sur les questions li\u00e9es \u00e0 la salubrit\u00e9, \u00e0 l\u2019environnement et au d\u00e9veloppement durable.<!--more--><\/p>\n<p> \u00ab Aussi devrons-nous \u0153uvrer \u00e0 promouvoir la salubrit\u00e9, garantir la protection de l\u2019environnement sans compromettre la capacit\u00e9 des g\u00e9n\u00e9rations futures \u00e0 leurs besoins de d\u00e9veloppement. Telle est votre mission chers collaborateurs  et partenaires. Et ce chalenge n\u2019est pas insurmontable si tous ensemble, MINSEDD, institutions publiques et priv\u00e9es, collectivit\u00e9s territoriales, partenaires techniques et financiers, op\u00e9rateurs priv\u00e9s, soci\u00e9t\u00e9 civile, religieux et communautaires, nous nous mobilisons et nous nous mettons sans d\u00e9lai et responsabilit\u00e9, en ordre de bataille \u00bb, a souhait\u00e9 la ministre. Elle a pr\u00e9conis\u00e9 une synergie d\u2019action en vue de relever ces grands d\u00e9fis dans les secteurs plac\u00e9s sous sa gouvernance, dans la mesure o\u00f9 les chantiers sont encore vastes. \u00ab Le tableau actuel du secteur, au vu de nos engagements internationaux et des dispositions de notre constitution est toujours en de\u00e7\u00e0 du niveau acceptable souhait\u00e9 par vous et moi(\u2026) En effet, l\u2019Etat actuel de la salubrit\u00e9 reste pr\u00e9occupant. L\u2019ensemble de nos villes et communes partagent un tableau d\u00e9peignant, une insalubrit\u00e9 inacceptable \u00bb,a-t-elle dit. Dans ce sens, elle a not\u00e9 qu\u2019une partie importante des d\u00e9chets ne fait pas l\u2019objet de traitement. \u00ab Pour le cas sp\u00e9cifique de notre capitale \u00e9conomique Abidjan, le taux moyen de collecte des 3600 tonnes de production journali\u00e8re des d\u00e9chets est estim\u00e9 \u00e0 70 %. L\u2019\u00e9vacuation de ces d\u00e9chets reste non \u00e9cologique avec le d\u00e9veloppement des activit\u00e9s de r\u00e9cup\u00e9rations informelles. Les 30 % de d\u00e9chets restants se retrouvent dans la nature.<br \/>\nM\u00eame tableau au niveau de l\u2019environnement selon la ministre, s\u2019appuyant sur le rapport de l\u2019\u00e9valuation environnementale post- conflit  dans lequel il  est soulign\u00e9 la d\u00e9gradation constante du couvert forestier. \u00ab En 2013, le couvert forestier ferm\u00e9 dans les for\u00eats class\u00e9es s\u2019\u00e9levait \u00e0 environ 650.000 ha, soit 15 % de la superficie totale. L\u2019int\u00e9gralit\u00e9 des 102.400 ha de for\u00eat class\u00e9e du Haut Sassandra a perdu son couvert forestier entre 2008 et 2013. De mani\u00e8re g\u00e9n\u00e9rale, ce rapport r\u00e9v\u00e8le que la d\u00e9gradation du patrimoine \u00e9cologique et du cadre de vie, est li\u00e9e essentiellement aux modes de production et de consommation, \u00e0 la d\u00e9mographie galopante, \u00e0 l\u2019industrie foresti\u00e8re non maitris\u00e9e, \u00e0 l\u2019expansion agricole ainsi qu\u2019aux facteurs climatiques \u00bb. Pour la ministre, ce tableau sombre est li\u00e9 \u00ab \u00e0 l\u2019insuffisance de financement, de ressources humaines qualifi\u00e9es, de ressources mat\u00e9rielles et logistiques appropri\u00e9es et surtout par l\u2019activisme des populations et d\u2019autre part, par la faiblesse de la synergie d\u2019action entre les diff\u00e9rentes parties prenantes.<\/p>\n<p>Les pistes de solutions<br \/>\nFace \u00e0 cette situation, la ministre en charge de la Salubrit\u00e9, de l\u2019Environnement et du D\u00e9veloppement durable a \u00e9num\u00e9r\u00e9 des pistes de solutions pour la protection de l\u2019environnement et un cade de vie ad\u00e9quat pour les populations.<br \/>\nAu niveau de la salubrit\u00e9, Anne Ouloto pr\u00e9conise l\u2019adoption du code de la salubrit\u00e9 et la cr\u00e9ation d\u2019une bourde des d\u00e9chets. Ainsi que la d\u00e9finition de la lettre de politique sectorielle de la salubrit\u00e9 urbaine. Elle sugg\u00e8re \u00e9galement la fermeture en vue de sa r\u00e9habilitation de la d\u00e9charge sauvage d\u2019Akou\u00e9do et la construction de deux centres d\u2019enfouissement techniques. Elle a r\u00e9it\u00e9r\u00e9 que soit appliqu\u00e9e la mesure d\u2019interdiction des d\u00e9chets plastiques ainsi que des d\u00e9crets sur les bruits de voisinage.<br \/>\nQuant au secteur de l\u2019environnement et du d\u00e9veloppement durable, la ministre a fortement recommand\u00e9 la poursuite des activit\u00e9s de lutte contre la d\u00e9gradation des for\u00eats \u00e0 travers le m\u00e9canisme RDD+. De m\u00eame que la poursuite de la r\u00e9habilitation et la protection des parcs nationaux et r\u00e9serves naturelles. En plus, elle a propos\u00e9 l\u2019institution d\u2019une fiscalit\u00e9 environnementale incitative en vue d\u2019accro\u00eetre les investissements  priv\u00e9s dans les fili\u00e8res vertes. Auquels il faut ajouter la r\u00e9alisation d\u2019un projet de cr\u00e9ation d\u2019une unit\u00e9 de production de compost \u00e0 partir des d\u00e9chets m\u00e9nagers et des r\u00e9sidus agricoles.<br \/>\nEF<\/p>\n","protected":false},"excerpt":{"rendered":"<p>Anne D\u00e9sir\u00e9e Ouloto, ministre de la Salubrit\u00e9, de l\u2019Environnement et du D\u00e9veloppement durable a effectu\u00e9 sa r\u00e9union de rentr\u00e9e minist\u00e9rielle le vendredi 3 f\u00e9vrier 2017 au si\u00e8ge de la Conf\u00e9d\u00e9ration g\u00e9n\u00e9rale des entreprises de C\u00f4te d\u2019Ivoire (CGCI) \u00e0 Abidjan-Plateau. Au cours de cette rencontre, la ministre a pr\u00e9sent\u00e9 son discours de politique g\u00e9n\u00e9rale aux ambassadeurs, [&hellip;]<\/p>\n","protected":false},"author":2,"featured_media":2668,"comment_status":"closed","ping_status":"closed","sticky":false,"template":"","format":"standard","meta":{"_monsterinsights_skip_tracking":false,"_monsterinsights_sitenote_active":false,"_monsterinsights_sitenote_note":"","_monsterinsights_sitenote_category":0,"footnotes":""},"categories":[3],"tags":[],"class_list":["post-2667","post","type-post","status-publish","format-standard","has-post-thumbnail","hentry","category-societe"],"_links":{"self":[{"href":"https:\/\/www.lintelligentdabidjan.info\/news\/wp-json\/wp\/v2\/posts\/2667","targetHints":{"allow":["GET"]}}],"collection":[{"href":"https:\/\/www.lintelligentdabidjan.info\/news\/wp-json\/wp\/v2\/posts"}],"about":[{"href":"https:\/\/www.lintelligentdabidjan.info\/news\/wp-json\/wp\/v2\/types\/post"}],"author":[{"embeddable":true,"href":"https:\/\/www.lintelligentdabidjan.info\/news\/wp-json\/wp\/v2\/users\/2"}],"replies":[{"embeddable":true,"href":"https:\/\/www.lintelligentdabidjan.info\/news\/wp-json\/wp\/v2\/comments?post=2667"}],"version-history":[{"count":1,"href":"https:\/\/www.lintelligentdabidjan.info\/news\/wp-json\/wp\/v2\/posts\/2667\/revisions"}],"predecessor-version":[{"id":2669,"href":"https:\/\/www.lintelligentdabidjan.info\/news\/wp-json\/wp\/v2\/posts\/2667\/revisions\/2669"}],"wp:featuredmedia":[{"embeddable":true,"href":"https:\/\/www.lintelligentdabidjan.info\/news\/wp-json\/wp\/v2\/media\/2668"}],"wp:attachment":[{"href":"https:\/\/www.lintelligentdabidjan.info\/news\/wp-json\/wp\/v2\/media?parent=2667"}],"wp:term":[{"taxonomy":"category","embeddable":true,"href":"https:\/\/www.lintelligentdabidjan.info\/news\/wp-json\/wp\/v2\/categories?post=2667"},{"taxonomy":"post_tag","embeddable":true,"href":"https:\/\/www.lintelligentdabidjan.info\/news\/wp-json\/wp\/v2\/tags?post=2667"}],"curies":[{"name":"wp","href":"https:\/\/api.w.org\/{rel}","templated":true}]}}