{"id":267,"date":"2016-10-02T20:18:16","date_gmt":"2016-10-02T18:18:16","guid":{"rendered":"http:\/\/www.lintelligentdabidjan.info\/news\/?p=267"},"modified":"2016-10-02T20:18:16","modified_gmt":"2016-10-02T18:18:16","slug":"refugies-en-guinee-en-2002-et-en-2010-128-ivoiriens-regagnent-le-bercail","status":"publish","type":"post","link":"https:\/\/www.lintelligentdabidjan.info\/news\/refugies-en-guinee-en-2002-et-en-2010-128-ivoiriens-regagnent-le-bercail\/","title":{"rendered":"Refugi\u00e9s en Guin\u00e9e en 2002 et en 2010 128 Ivoiriens regagnent le bercail"},"content":{"rendered":"<p>Un groupe d&#8217;Ivoirien refugi\u00e9s dans la R\u00e9publique s\u0153ur de Guin\u00e9e \u00e0 la fronti\u00e8re ouest de la C\u00f4te d&#8217;Ivoire sont rentr\u00e9s  en C\u00f4te d\u2019Ivoire  le mardi 27 septembre 2016. Et ce  apr\u00e8s plus de 14 ans pass\u00e9s en exil.  Ils viennent de r\u00e9pondre ainsi \u00e0 l&#8217;appel du pr\u00e9sident de la R\u00e9publique et du gouvernement du premier ministre Daniel  Kablan Duncan qui invite les Ivoiriens refugi\u00e9s \u00e0 regagner leur pays. Ces refugi\u00e9s ivoiriens au nombre de 128 personnes, soit 29 familles qui ont fui la guerre de 2002 pour certains et pour d&#8217;autres la crise post\u00e9lectorale de 2010, ont \u00e9t\u00e9 accueillis le mardi 27 septembre 2016 \u00e0  Sipilou par une \u00e9quipe du Minist\u00e8re de la Solidarit\u00e9, de la Coh\u00e9sion sociale et de l\u2019Indemnisation des victimes. Et par des agents du Haut Commissariat des Nations Unies pour les R\u00e9fugi\u00e9s (HCR), et des partenaires techniques.<br \/>\nDans le cadre de la coh\u00e9sion sociale, et sur instruction du Pr\u00e9sident de la R\u00e9publique, Son Excellence M. Alassane Ouattara, la Ministre Mariatou Kon\u00e9, a,  travers des missions qu&#8217;elle a effectu\u00e9es au Lib\u00e9ria, au Ghana et en Guin\u00e9e, apport\u00e9 aux   exil\u00e9s, le message de paix et de r\u00e9conciliation du Gouvernement. Aussi, a t-elle traduit la volont\u00e9 du Chef de l\u2019Etat d\u2019associer toutes les filles et tous les fils du pays \u00e0 la reconstruction de la nouvelle C\u00f4te d\u2019Ivoire. Gr\u00e2ce aux efforts consentis par le gouvernement et les nombreux plaidoyers du Prof. Mariatou Kon\u00e9, les r\u00e9fugi\u00e9s ont retrouv\u00e9 aujourd&#8217;hui l\u2019espoir d\u2019un retour au pays dans la dignit\u00e9 et en toute s\u00e9curit\u00e9. &#8220;Nous sommes pass\u00e9s de 30.000 r\u00e9fugi\u00e9s \u00e0 environ 40.000, repartis principalement entre le Lib\u00e9ria, le Ghana, le Togo et la Guin\u00e9e&#8221;, soutient la ministre de la Coh\u00e9sion sociale et de l&#8217;indemnisation des victimes. Des chiffres qui lui ont valu les f\u00e9licitations du directeur du bureau Afrique du HCR, M. Tapsoba Valentin, qui l&#8217;a encourag\u00e9 pour son leadership et ses actions de grande envergure dans  la gestion du retour des r\u00e9fugi\u00e9s ivoirien.<br \/>\nA.S avec sercom  <\/p>\n","protected":false},"excerpt":{"rendered":"<p>Un groupe d&#8217;Ivoirien refugi\u00e9s dans la R\u00e9publique s\u0153ur de Guin\u00e9e \u00e0 la fronti\u00e8re ouest de la C\u00f4te d&#8217;Ivoire sont rentr\u00e9s en C\u00f4te d\u2019Ivoire le mardi 27 septembre 2016. Et ce apr\u00e8s plus de 14 ans pass\u00e9s en exil. Ils viennent de r\u00e9pondre ainsi \u00e0 l&#8217;appel du pr\u00e9sident de la R\u00e9publique et du gouvernement du premier [&hellip;]<\/p>\n","protected":false},"author":1,"featured_media":0,"comment_status":"closed","ping_status":"closed","sticky":false,"template":"","format":"standard","meta":{"_monsterinsights_skip_tracking":false,"_monsterinsights_sitenote_active":false,"_monsterinsights_sitenote_note":"","_monsterinsights_sitenote_category":0,"footnotes":""},"categories":[24],"tags":[],"class_list":["post-267","post","type-post","status-publish","format-standard","hentry","category-non-illustres"],"_links":{"self":[{"href":"https:\/\/www.lintelligentdabidjan.info\/news\/wp-json\/wp\/v2\/posts\/267","targetHints":{"allow":["GET"]}}],"collection":[{"href":"https:\/\/www.lintelligentdabidjan.info\/news\/wp-json\/wp\/v2\/posts"}],"about":[{"href":"https:\/\/www.lintelligentdabidjan.info\/news\/wp-json\/wp\/v2\/types\/post"}],"author":[{"embeddable":true,"href":"https:\/\/www.lintelligentdabidjan.info\/news\/wp-json\/wp\/v2\/users\/1"}],"replies":[{"embeddable":true,"href":"https:\/\/www.lintelligentdabidjan.info\/news\/wp-json\/wp\/v2\/comments?post=267"}],"version-history":[{"count":1,"href":"https:\/\/www.lintelligentdabidjan.info\/news\/wp-json\/wp\/v2\/posts\/267\/revisions"}],"predecessor-version":[{"id":268,"href":"https:\/\/www.lintelligentdabidjan.info\/news\/wp-json\/wp\/v2\/posts\/267\/revisions\/268"}],"wp:attachment":[{"href":"https:\/\/www.lintelligentdabidjan.info\/news\/wp-json\/wp\/v2\/media?parent=267"}],"wp:term":[{"taxonomy":"category","embeddable":true,"href":"https:\/\/www.lintelligentdabidjan.info\/news\/wp-json\/wp\/v2\/categories?post=267"},{"taxonomy":"post_tag","embeddable":true,"href":"https:\/\/www.lintelligentdabidjan.info\/news\/wp-json\/wp\/v2\/tags?post=267"}],"curies":[{"name":"wp","href":"https:\/\/api.w.org\/{rel}","templated":true}]}}