{"id":2673,"date":"2017-02-04T15:09:24","date_gmt":"2017-02-04T14:09:24","guid":{"rendered":"http:\/\/www.lintelligentdabidjan.info\/news\/?p=2673"},"modified":"2017-02-04T15:09:24","modified_gmt":"2017-02-04T14:09:24","slug":"contribution-comment-rapatrier-les-biens-culturels-beninois","status":"publish","type":"post","link":"https:\/\/www.lintelligentdabidjan.info\/news\/contribution-comment-rapatrier-les-biens-culturels-beninois\/","title":{"rendered":"Contribution Comment rapatrier les biens culturels b\u00e9ninois"},"content":{"rendered":"<p>F\u00e9vrier 2016, alors que la campagne pr\u00e9sidentielle battait son plein, Lionel Zinsou \u00e9tait en visite \u00e0 Abomey, cit\u00e9 historique symbole de la p\u00e9n\u00e9tration et de la domination fran\u00e7aise.<!--more--><\/p>\n<p> Accueilli par une foultitude de curieux, le candidat savait quoi servir pour captiver. La question du rapatriement des biens culturels s\u2019invite ainsi dans le d\u00e9bat national. Quelques mois plus tard, c\u2019est \u00e0 travers une envol\u00e9e de parole du ministre Pascal Ir\u00e9n\u00e9e Koukpaki, que les journalistes vont apprendre que le Pr\u00e9sident Patrice Talon tenait \u00e0 r\u00e9aliser la promesse de son challenger ; et que la France serait d\u00e9j\u00e0 officiellement saisie.<br \/>\nMais les autorit\u00e9s ont-elles une id\u00e9e de ce qu\u2019elles r\u00e9clament \u00e0 la France ? Disposent- bas-reliefs, des tr\u00f4nes entiers (tr\u00f4ne de Gl\u00e8l\u00e8), des statuettes (statue du Roi Gu\u00e9zo), des portes sacr\u00e9es du palais d\u2019Abomey, des b\u00e2tons de commandement utilis\u00e9s par les Rois appel\u00e9s Sceptres, de la statue du dieu Gou. Jusque-l\u00e0, aucune source officielle ne renseigne avec exactitude sur les objets et leur localisation pr\u00e9cise en France, en dehors de ceux du Mus\u00e9e du Quai Branly-Jacques Chirac \u00e0 Paris. R\u00e9clamer. Est-ce une priorit\u00e9 ?<br \/>\nLe caract\u00e8re identitaire b\u00e9ninois du patrimoine culturel en exil est sans \u00e9quivoque. Toutefois, des mesures pr\u00e9alables s\u2019imposent pour revendiquer sa propri\u00e9t\u00e9. En effet, le B\u00e9nin ne saurait rapatrier son patrimoine culturel sans le couvert d\u2019un instrument juridique international dont seul l\u2019Unesco en est le d\u00e9positaire. La Convention concernant les mesures \u00e0 prendre pour interdire et emp\u00eacher l\u2019exportation et le transfert de propri\u00e9t\u00e9 illicites des biens culturels, adopt\u00e9e lors de la 16\u00e8me session de la Conf\u00e9rence G\u00e9n\u00e9rale de l\u2019Unesco, tenue du 12 octobre au 14 novembre 1970 \u00e0 Paris, est l\u2019arme principale dont dispose les autorit\u00e9s b\u00e9ninoises pour mener cette conqu\u00eate. Pr\u00e8s de cinq d\u00e9cennies apr\u00e8s l\u2019adoption de cette convention, le B\u00e9nin ne l\u2019a pas encore ratifi\u00e9e et donc ne peut pas s\u2019en servir.<br \/>\nPar ailleurs, vu la richesse de sa culture et le glorieux pass\u00e9 mat\u00e9riel de ses souverains, le B\u00e9nin est un pays culturellement industrialisable. Et pour r\u00e9ussir cette industrialisation culturelle, le B\u00e9nin est appel\u00e9 \u00e0 mettre en place un corpus l\u00e9gislatif qui prot\u00e8ge et valorise son patrimoine culturel d\u2019une part et d\u2019autre part, un document de strat\u00e9gie pour le d\u00e9veloppement du secteur. Car la ru\u00e9e vers les objets historiques accroit de plus en plus leur trafic ill\u00e9gal. Si la volont\u00e9 des dirigeants est fond\u00e9e, il s\u2019av\u00e8re important pour le gouvernement, de se doter de moyens l\u00e9gislatifs et de faire ratifier par le Parlement, la convention sus-indiqu\u00e9e. En son article 4, cette convention \u00e9met des directives pour effectuer le rapatriement de biens culturels. En vertu de l\u2019article 7 de cette convention, la France, patrie d\u00e9bitrice coop\u00e9rerait mieux. Sans ces pr\u00e9alables, toute action pr\u00e9sente serait vaine et toute intention future ne sera que pure d\u00e9magogie.<br \/>\nLe retour au bercail devra alors suivre les recommandations de l\u2019Unesco. Les objets devront \u00eatre accueillis dans un cadre ad\u00e9quat : infrastructures adapt\u00e9es, personnel qualifi\u00e9, s\u00e9curit\u00e9 assur\u00e9e, conservation et mise en valeur minutieusement pr\u00e9par\u00e9es. Cela revient \u00e0 construire un mus\u00e9e dont les caract\u00e9ristiques r\u00e9pondent \u00e0 celles des mus\u00e9es de type moderne, \u00e0 l\u2019\u00e9quiper de mat\u00e9riels convenables, et \u00e0 veiller \u00e0 ce qu\u2019il soit anim\u00e9 par des gens form\u00e9s sp\u00e9cialement pour \u00e7a et d\u00e9vou\u00e9s. Ensuite, il faut commettre un architecte des mus\u00e9es, des mus\u00e9ologues et autres professionnels du domaine, pour r\u00e9aliser des \u00e9tudes minutieuses de chacune des composantes du projet. Tout ceci a un co\u00fbt qui pourrait \u00eatre difficile \u00e0 supporter par l\u2019Etat, au vu de ses nombreuses charges r\u00e9galiennes. D\u2019o\u00f9 la n\u00e9cessit\u00e9 d\u2019explorer des pistes de partenariats culturels, qui prennent en compte l\u2019ensemble des mus\u00e9es nationaux et tout le patrimoine culturel national. La premi\u00e8re loi vot\u00e9e sous le gouvernement actuel du B\u00e9nin est la loi sur les Partenariats Publics-Priv\u00e9s. Elle semble ici opportune, car un bien culturel r\u00e9v\u00e9l\u00e9, c\u2019est d\u2019importantes devises g\u00e9n\u00e9r\u00e9es, du point de vue de l\u2019int\u00e9r\u00eat de plus en plus manifest\u00e9 par les touristes et les scientifiques. Par ailleurs, au sein de ce mus\u00e9e, pourront se d\u00e9velopper d\u2019autres activit\u00e9s connexes rentables, notamment l\u2019artisanat. La valeur ajout\u00e9e est double : le b\u00e9n\u00e9fice p\u00e9cuniaire pour l\u2019entrepreneur culturel et pour l\u2019Etat, l\u2019impact sur la cr\u00e9ation d\u2019emplois.<br \/>\nR\u00e9clamer son patrimoine culturel en exil ? Oui, mais il faut baliser le terrain d\u2019abord. Il faut organiser minutieusement un bon retour au bercail. Pour cela, l\u2019Etat doit se doter de lois nationales qui prot\u00e8gent le patrimoine culturel et de politiques qui le d\u00e9veloppent, se mettre en r\u00e8gle juridiquement vis-\u00e0-vis du droit international et confier le reste du processus \u00e0 un ou groupe de priv\u00e9 (s) sp\u00e9cialis\u00e9, tout en lui assurant des garanties et un accompagnement officiel. Pour que le B\u00e9nin, terre natale de ces richesses culturelles, ne devienne pas un mortel asile. Dans l\u2019attente, la porte de leur retour reste encore ferm\u00e9e.<br \/>\nSams-Dine Adamou, \u00e9crivain b\u00e9ninois.<br \/>\nArticle publi\u00e9 en collaboration avec Libre Afrique.<br \/>\nSource : afrikipresse.fr<\/p>\n","protected":false},"excerpt":{"rendered":"<p>F\u00e9vrier 2016, alors que la campagne pr\u00e9sidentielle battait son plein, Lionel Zinsou \u00e9tait en visite \u00e0 Abomey, cit\u00e9 historique symbole de la p\u00e9n\u00e9tration et de la domination fran\u00e7aise.<\/p>\n","protected":false},"author":2,"featured_media":2674,"comment_status":"closed","ping_status":"closed","sticky":false,"template":"","format":"standard","meta":{"_monsterinsights_skip_tracking":false,"_monsterinsights_sitenote_active":false,"_monsterinsights_sitenote_note":"","_monsterinsights_sitenote_category":0,"footnotes":""},"categories":[3],"tags":[],"class_list":["post-2673","post","type-post","status-publish","format-standard","has-post-thumbnail","hentry","category-societe"],"_links":{"self":[{"href":"https:\/\/www.lintelligentdabidjan.info\/news\/wp-json\/wp\/v2\/posts\/2673","targetHints":{"allow":["GET"]}}],"collection":[{"href":"https:\/\/www.lintelligentdabidjan.info\/news\/wp-json\/wp\/v2\/posts"}],"about":[{"href":"https:\/\/www.lintelligentdabidjan.info\/news\/wp-json\/wp\/v2\/types\/post"}],"author":[{"embeddable":true,"href":"https:\/\/www.lintelligentdabidjan.info\/news\/wp-json\/wp\/v2\/users\/2"}],"replies":[{"embeddable":true,"href":"https:\/\/www.lintelligentdabidjan.info\/news\/wp-json\/wp\/v2\/comments?post=2673"}],"version-history":[{"count":1,"href":"https:\/\/www.lintelligentdabidjan.info\/news\/wp-json\/wp\/v2\/posts\/2673\/revisions"}],"predecessor-version":[{"id":2675,"href":"https:\/\/www.lintelligentdabidjan.info\/news\/wp-json\/wp\/v2\/posts\/2673\/revisions\/2675"}],"wp:featuredmedia":[{"embeddable":true,"href":"https:\/\/www.lintelligentdabidjan.info\/news\/wp-json\/wp\/v2\/media\/2674"}],"wp:attachment":[{"href":"https:\/\/www.lintelligentdabidjan.info\/news\/wp-json\/wp\/v2\/media?parent=2673"}],"wp:term":[{"taxonomy":"category","embeddable":true,"href":"https:\/\/www.lintelligentdabidjan.info\/news\/wp-json\/wp\/v2\/categories?post=2673"},{"taxonomy":"post_tag","embeddable":true,"href":"https:\/\/www.lintelligentdabidjan.info\/news\/wp-json\/wp\/v2\/tags?post=2673"}],"curies":[{"name":"wp","href":"https:\/\/api.w.org\/{rel}","templated":true}]}}