{"id":26942,"date":"2021-11-17T01:08:05","date_gmt":"2021-11-17T00:08:05","guid":{"rendered":"https:\/\/www.lintelligentdabidjan.info\/news\/?p=26942"},"modified":"2021-11-17T01:08:32","modified_gmt":"2021-11-17T00:08:32","slug":"1ere-edition-du-paiss-ebagnitche-hippolyte-maire-dassinie-mafia-les-jeunes-ivoiriens-ont-des-talents-en-eux","status":"publish","type":"post","link":"https:\/\/www.lintelligentdabidjan.info\/news\/1ere-edition-du-paiss-ebagnitche-hippolyte-maire-dassinie-mafia-les-jeunes-ivoiriens-ont-des-talents-en-eux\/","title":{"rendered":"1ere \u00e9dition du Paiss &#8211; Ebagnitche Hippolyte, maire d\u2019Assinie-Mafia:  \u201cLes jeunes ivoiriens ont des talents en eux\u201d"},"content":{"rendered":"<p><em><strong>Le  lancement de la 1ere \u00e9dition du prix Africain de l\u2019initiative sociale et solidaire (Paiss) a eu lieu, le lundi 15 novembre 2021  dans un h\u00f4tel d\u2019Abidjan-Plateau. Pr\u00e9sent \u00e0 la c\u00e9r\u00e9monie,  le maire de la commune d\u2019Assinie-Mafia, Ebagnitche Hippolyte a d\u00e9clar\u00e9 que les jeunes ivoiriens ont des talents en eux.<\/strong><\/em><\/p>\n<p>Le maire de la commune d\u2019Assinie-Mafia, Ebagnitche Hippolyte,  parrain de la c\u00e9r\u00e9monie,  a d\u00e9clar\u00e9 que cette initiative faisait partie des attentes et est une source d\u2019inspiration. \u00ab En tant qu\u2019\u00e9lu, maire d\u2019une jeune commune. C\u2019est un peu ce qu\u2019on cherche sur le terrain. Je ne peux que soutenir ce projet pour qu\u2019\u00e0 terme, nous puissions s\u2019en inspirer pour que localement, on motive les jeunes \u00e0 se prendre en charge.  (\u2026)Il  a profit\u00e9 pour lancer un appel \u00e0 la jeunesse ivoirienne \u00ab  les jeunes ivoiriens ont des talents en eux. Il faut qu\u2019ils se concentrent sur ce qu\u2019ils aiment pour qu&#8217;ils puissent apprendre \u00e0 monter les projets pour que les autorit\u00e9s que nous sommes, on puisse les aider. \u00bb a-t-il conseill\u00e9.<br \/>\nAussi, il a pr\u00e9cis\u00e9 que ce prix est comme un moteur, car elle permettra de d\u00e9velopper l\u2019entreprenariat et de lutter contre le ch\u00f4mage. \u00ab C\u2019est une dynamique d\u2019auto-emploi, une dynamique qui permet de d\u00e9velopper l\u2019entreprenariat local. C&#8217;est aussi une dynamique pour lutter contre le ch\u00f4mage et cela passe par la sensibilisation des jeunes, pour leur faire comprendre qu\u2019ils ont des comp\u00e9tences. On  a des potentiels au niveau local. En formant nos jeunes de cette mani\u00e8re, on peut les aider \u00e0 trouver des emplois \u00bb, a-t-il dit.<br \/>\nLe pr\u00e9sident du Paiss et DG de l\u2019\u00e9cole des lions, docteur Dy Alfred s\u2019est prononc\u00e9 sur la cr\u00e9ation du prix \u00ab Le prix qui vient d\u2019\u00eatre lanc\u00e9 est un prix qui a pour vocation de promouvoir l\u2019initiative communautaire. Ce que nous pensons qui est plus utile pour l\u2019Afrique, c\u2019est de mettre les africains, ensemble pour leur propre d\u00e9veloppement. Ce sont des projets sociaux \u00e9conomiques qu\u2019on met ensemble pour le d\u00e9veloppement. La particularit\u00e9 de notre prix, c\u2019est l\u2019innovation communautaire. \u00bb <\/p>\n<p><strong>Mamadou Ouattara avec D. koba (stagiaire) <\/strong><\/p>\n","protected":false},"excerpt":{"rendered":"<p>Le lancement de la 1ere \u00e9dition du prix Africain de l\u2019initiative sociale et solidaire (Paiss) a eu lieu, le lundi 15 novembre 2021 dans un h\u00f4tel d\u2019Abidjan-Plateau. Pr\u00e9sent \u00e0 la c\u00e9r\u00e9monie, le maire de la commune d\u2019Assinie-Mafia, Ebagnitche Hippolyte a d\u00e9clar\u00e9 que les jeunes ivoiriens ont des talents en eux. Le maire de la commune [&hellip;]<\/p>\n","protected":false},"author":3,"featured_media":26943,"comment_status":"closed","ping_status":"closed","sticky":false,"template":"","format":"standard","meta":{"_monsterinsights_skip_tracking":false,"_monsterinsights_sitenote_active":false,"_monsterinsights_sitenote_note":"","_monsterinsights_sitenote_category":0,"footnotes":""},"categories":[2,3],"tags":[1298,1300,1299],"class_list":["post-26942","post","type-post","status-publish","format-standard","has-post-thumbnail","hentry","category-featured","category-societe","tag-1ere-edition-du-paiss","tag-assinie-mafia","tag-ebagnitche-hippolyte"],"_links":{"self":[{"href":"https:\/\/www.lintelligentdabidjan.info\/news\/wp-json\/wp\/v2\/posts\/26942","targetHints":{"allow":["GET"]}}],"collection":[{"href":"https:\/\/www.lintelligentdabidjan.info\/news\/wp-json\/wp\/v2\/posts"}],"about":[{"href":"https:\/\/www.lintelligentdabidjan.info\/news\/wp-json\/wp\/v2\/types\/post"}],"author":[{"embeddable":true,"href":"https:\/\/www.lintelligentdabidjan.info\/news\/wp-json\/wp\/v2\/users\/3"}],"replies":[{"embeddable":true,"href":"https:\/\/www.lintelligentdabidjan.info\/news\/wp-json\/wp\/v2\/comments?post=26942"}],"version-history":[{"count":1,"href":"https:\/\/www.lintelligentdabidjan.info\/news\/wp-json\/wp\/v2\/posts\/26942\/revisions"}],"predecessor-version":[{"id":26944,"href":"https:\/\/www.lintelligentdabidjan.info\/news\/wp-json\/wp\/v2\/posts\/26942\/revisions\/26944"}],"wp:featuredmedia":[{"embeddable":true,"href":"https:\/\/www.lintelligentdabidjan.info\/news\/wp-json\/wp\/v2\/media\/26943"}],"wp:attachment":[{"href":"https:\/\/www.lintelligentdabidjan.info\/news\/wp-json\/wp\/v2\/media?parent=26942"}],"wp:term":[{"taxonomy":"category","embeddable":true,"href":"https:\/\/www.lintelligentdabidjan.info\/news\/wp-json\/wp\/v2\/categories?post=26942"},{"taxonomy":"post_tag","embeddable":true,"href":"https:\/\/www.lintelligentdabidjan.info\/news\/wp-json\/wp\/v2\/tags?post=26942"}],"curies":[{"name":"wp","href":"https:\/\/api.w.org\/{rel}","templated":true}]}}