{"id":27007,"date":"2021-11-27T19:47:07","date_gmt":"2021-11-27T18:47:07","guid":{"rendered":"https:\/\/www.lintelligentdabidjan.info\/news\/?p=27007"},"modified":"2021-11-27T20:03:20","modified_gmt":"2021-11-27T19:03:20","slug":"expo-dubai-2020-la-cote-divoire-vend-ses-opportunites-dinvestissement","status":"publish","type":"post","link":"https:\/\/www.lintelligentdabidjan.info\/news\/expo-dubai-2020-la-cote-divoire-vend-ses-opportunites-dinvestissement\/","title":{"rendered":"EXPO DUBAI 2020: la C\u00f4te d&#8217;Ivoire vend ses opportunit\u00e9s d\u2019investissement"},"content":{"rendered":"<p><em><strong>Abidjan, le 27 novembre 2021 &#8211; Prenant la parole au nom du Premier Ministre, Patrick Achi, la ministre d&#8217;\u00c9tat Kandia Camara a pr\u00e9sent\u00e9 le 26 novembre, les opportunit\u00e9s d\u2019investissement qu\u2019offre le pays. C&#8217;etait au cours d&#8217;une conf\u00e9rence de presse en marge de la journ\u00e9e nationale d\u00e9di\u00e9e \u00e0 la C\u00f4te d\u2019Ivoire \u00e0 l\u2019exposition universelle \u2018\u2019<a href=\"https:\/\/news.lia.ci\/news\/economie\/docteur-adama-coulibaly-dg-depuis-dubai-pourquoi-le-conseil-coton-anacarde-est-present-a-dubai-expo-2020\/\" target=\"_blank\">EXPO DUBAI 2020\u2019\u2019<\/a>. <\/strong><\/em><\/p>\n<p>C&#8217;est le Premier ministre, Chef du Gouvernement, Patrick Achi qui conduisait la d\u00e9l\u00e9gation \u00e0 cette exposition universelle.<\/p>\n<p>La ministre d&#8217;\u00c9tat Kandia Camara a rappel\u00e9 la vision du Chef de l\u2019Etat Alassane Ouattara, port\u00e9e par le Gouvernement dirig\u00e9 par le Premier Ministre Patrick Achi, de transformer, en profondeur, l\u2019\u00e9conomie ivoirienne. Pour elle, les investisseurs devraient choisir d\u2019investir en C\u00f4te d\u2019Ivoire, pays qui a un code d\u2019investissement parmi les plus \u2018\u2019attractifs\u2019\u2019 au monde.<\/p>\n<p>Le ministre du Commerce et de l\u2019Industrie, Souleymane Diarrassouba, a indiqu\u00e9 qu&#8217;investir en C\u00f4te d\u2019Ivoire, partie prenante dans la Zone de libre-\u00e9change continentale africaine (Zlecaf), \u2018\u2019c\u2019est investir en Afrique et rentrer sur un march\u00e9 de 1,5 milliard de consommateurs\u2019\u2019. Il a rappel\u00e9 que la C\u00f4te d\u2019Ivoire va organiser la Foire commerciale intra-africaine (IATF), la plus grande foire commerciale du continent en 2023.<\/p>\n<p>Pour sa part, le ministre du Tourisme et des Loisirs, Siandou Fofana, a encourag\u00e9 les groupes \u00e9miratis \u00e0 venir aider la C\u00f4te d\u2019Ivoire \u00e0 transformer l\u2019industrie touristique.<\/p>\n<p>Il a relev\u00e9 que la C\u00f4te d\u2019Ivoire dispose d\u2019une fa\u00e7ade maritime d&#8217;environ 600 km qui attend d\u2019\u00eatre exploit\u00e9e. L\u2019ouverture prochaine d\u2019une repr\u00e9sentation diplomatique ivoirienne aux Emirats Arabes Unis permettra d&#8217;ouvrir un bureau de tourisme, a annonc\u00e9 Siandou Fofana.<\/p>\n<p>La ministre de la Culture, de l\u2019Industrie des Arts et du Spectacle, Arlette Badou, a, quant \u00e0 elle, rappel\u00e9 le riche patrimoine culturel de la C\u00f4te d\u2019Ivoire. Elle a exhort\u00e9 les Emiratis et les personnes pr\u00e9sentes \u00e0 venir le d\u00e9couvrir.<\/p>\n<p>D\u00e9sign\u00e9e pour organiser la CAN 2023, la C\u00f4te d\u2019Ivoire est en plein chantier, a rappel\u00e9 le ministre de la Promotion des Sports et du D\u00e9veloppement de l\u2019Economie sportive, Paulin Danho. Avant d\u2019inviter la communaut\u00e9 d\u2019investisseurs \u00e0 accompagner la C\u00f4te d\u2019Ivoire dans ses projets de construction de cit\u00e9 olympique et de clinique m\u00e9dicale sp\u00e9cialis\u00e9e en traumatologie.<\/p>\n<p>Le ministre de l\u2019Economie num\u00e9rique, des T\u00e9l\u00e9communications et de l\u2019Innovation, Roger Adom, a expliqu\u00e9 que le gouvernement ivoirien ambitionne de faire passer la part de l\u2019\u00e9conomie digitale actuellement de 10% du Produit int\u00e9rieur brut (PIB) \u00e0 18% \u00e0 l\u2019horizon 2025. Et pour cela, la C\u00f4te d\u2019Ivoire ouvre ses bras \u00e0 toute la communaut\u00e9 d\u2019investisseurs.<\/p>\n<p>Au cours du s\u00e9jour de la d\u00e9l\u00e9gation ivoirienne, le Premier Ministre a multipli\u00e9 les rencontres pour pr\u00e9senter le programme vision 2030 et l&#8217;ambition du Chef de l&#8217;\u00c9tat de construire une C\u00f4te d&#8217;Ivoire Solidaire. Partout, il a mis en \u00e9vidence les nombreux atouts du pays.<\/p>\n<p><strong>Source :Cicg<\/strong><\/p>\n","protected":false},"excerpt":{"rendered":"<p>Abidjan, le 27 novembre 2021 &#8211; Prenant la parole au nom du Premier Ministre, Patrick Achi, la ministre d&#8217;\u00c9tat Kandia Camara a pr\u00e9sent\u00e9 le 26 novembre, les opportunit\u00e9s d\u2019investissement qu\u2019offre le pays. C&#8217;etait au cours d&#8217;une conf\u00e9rence de presse en marge de la journ\u00e9e nationale d\u00e9di\u00e9e \u00e0 la C\u00f4te d\u2019Ivoire \u00e0 l\u2019exposition universelle \u2018\u2019EXPO DUBAI [&hellip;]<\/p>\n","protected":false},"author":3,"featured_media":27008,"comment_status":"closed","ping_status":"closed","sticky":false,"template":"","format":"standard","meta":{"_monsterinsights_skip_tracking":false,"_monsterinsights_sitenote_active":false,"_monsterinsights_sitenote_note":"","_monsterinsights_sitenote_category":0,"footnotes":""},"categories":[2,18,17],"tags":[77,1305],"class_list":["post-27007","post","type-post","status-publish","format-standard","has-post-thumbnail","hentry","category-featured","category-economie","category-politique","tag-cote-divoire","tag-expo-dubai-2020"],"_links":{"self":[{"href":"https:\/\/www.lintelligentdabidjan.info\/news\/wp-json\/wp\/v2\/posts\/27007","targetHints":{"allow":["GET"]}}],"collection":[{"href":"https:\/\/www.lintelligentdabidjan.info\/news\/wp-json\/wp\/v2\/posts"}],"about":[{"href":"https:\/\/www.lintelligentdabidjan.info\/news\/wp-json\/wp\/v2\/types\/post"}],"author":[{"embeddable":true,"href":"https:\/\/www.lintelligentdabidjan.info\/news\/wp-json\/wp\/v2\/users\/3"}],"replies":[{"embeddable":true,"href":"https:\/\/www.lintelligentdabidjan.info\/news\/wp-json\/wp\/v2\/comments?post=27007"}],"version-history":[{"count":4,"href":"https:\/\/www.lintelligentdabidjan.info\/news\/wp-json\/wp\/v2\/posts\/27007\/revisions"}],"predecessor-version":[{"id":27012,"href":"https:\/\/www.lintelligentdabidjan.info\/news\/wp-json\/wp\/v2\/posts\/27007\/revisions\/27012"}],"wp:featuredmedia":[{"embeddable":true,"href":"https:\/\/www.lintelligentdabidjan.info\/news\/wp-json\/wp\/v2\/media\/27008"}],"wp:attachment":[{"href":"https:\/\/www.lintelligentdabidjan.info\/news\/wp-json\/wp\/v2\/media?parent=27007"}],"wp:term":[{"taxonomy":"category","embeddable":true,"href":"https:\/\/www.lintelligentdabidjan.info\/news\/wp-json\/wp\/v2\/categories?post=27007"},{"taxonomy":"post_tag","embeddable":true,"href":"https:\/\/www.lintelligentdabidjan.info\/news\/wp-json\/wp\/v2\/tags?post=27007"}],"curies":[{"name":"wp","href":"https:\/\/api.w.org\/{rel}","templated":true}]}}