{"id":27042,"date":"2021-12-01T00:58:14","date_gmt":"2021-11-30T23:58:14","guid":{"rendered":"https:\/\/www.lintelligentdabidjan.info\/news\/?p=27042"},"modified":"2021-12-01T00:58:14","modified_gmt":"2021-11-30T23:58:14","slug":"arsene-konan-coordonnateur-des-programmes-de-indigo-cote-divoire-le-vecu-de-nos-populations-est-problematique","status":"publish","type":"post","link":"https:\/\/www.lintelligentdabidjan.info\/news\/arsene-konan-coordonnateur-des-programmes-de-indigo-cote-divoire-le-vecu-de-nos-populations-est-problematique\/","title":{"rendered":"\u00a0Ars\u00e8ne Konan, coordonnateur des programmes de Indigo C\u00f4te d\u2019Ivoire : \u201cLe v\u00e9cu de nos populations est probl\u00e9matique\u201d"},"content":{"rendered":"<p><em><strong>\u00ab La politique a le dos large, mais le v\u00e9cu de nos populations est aussi probl\u00e9matique \u00bb, a fait savoir le coordonnateur des programmes de Indigo C\u00f4te d\u2019Ivoire, Ars\u00e8ne Konan, lors d\u2019un point de presse, qui  avait pour but de   donner les r\u00e9sultats  de la  tourn\u00e9e   de consultation et de dialogue citoyen autour des d\u00e9fis de coh\u00e9sion sociale au lendemain des violences \u00e9lectorales de 2020. C\u2019\u00e9tait le vendredi 26 novembre 2021, dans un h\u00f4tel \u00e0 Abidjan-Cocody.<\/strong><\/em><\/p>\n<p>La d\u00e9sob\u00e9issance civile lanc\u00e9e par l\u2019opposition lors de la pr\u00e9sidentielle 2020 qui s\u2019est sold\u00e9e selon les chiffres officiels publi\u00e9s par le gouvernement en novembre 2020 par 85 morts et 484 bless\u00e9s, l\u2019interpellation de 225 personnes, l\u2019inculpation de 176 autres et le placement sous mandat de quelques 45 individus, sont entre autres les points \u00e9tudi\u00e9s  par Indigo C\u00f4te d\u2019Ivoire lors de cette tourn\u00e9e de consultation. Le  coordonnateur des programmes de cette organisation  Ars\u00e8ne Konan a dit :\u00ab La politique a le dos large, mais le v\u00e9cu de nos populations est aussi probl\u00e9matique. Avec ce genre d\u2019activit\u00e9, elles seront assez pr\u00eates pour r\u00e9sister aux chants des sir\u00e8nes. En p\u00e9riode \u00e9lectorale, on a tendance \u00e0 se focaliser sur les zones chaudes, comme l\u2019Ouest. Mais en 2020, \u00e7a  \u00e9t\u00e9 plut\u00f4t calme dans ses endroits. Ce sont des zones comme M\u2019batto qui se sont faites remarquer. Ce n\u2019est pas la chose politique qui a tendance \u00e0 amener des crises en p\u00e9riode \u00e9lectorale, il y a aussi le v\u00e9cu quotidien. D\u2019une localit\u00e9 \u00e0 une autre, on a les m\u00eames probl\u00e8mes dus au manque de culture politique des populations qui se laisse aller aux d\u00e9sid\u00e9ratas des leaders politiques. Il y a aura toujours des diff\u00e9rends, mais ce n\u2019est pas aux populations de tout br\u00fbler. Aujourd\u2019hui, on voit nos acteurs politiques ensemble. Les populations aussi peuvent et doivent \u00e9duquer les acteurs politiques \u00bb.<\/p>\n<p>Dans la  m\u00eame veine   , il a d\u00e9voil\u00e9 les facteurs de violence sociopolitique dont la C\u00f4te d\u2019Ivoire paie les frais. Il a cit\u00e9 notamment les  ressentiments encore pr\u00e9gnants du fait de passifs intercommunautaires non-sold\u00e9s, le repli identitaire et la r\u00e9gulation lacunaire des relations intercommunautaires avec le sentiment de d\u00e9ni de la propri\u00e9t\u00e9 historique aux communaut\u00e9s locales ou encore le sentiment de rejet per\u00e7u par les communaut\u00e9s non locales. Il a \u00e9voqu\u00e9 \u00e9galement  la gestion lacunaire de la rumeur et de la communication intercommunautaire par la d\u00e9sinformation du fait des r\u00e9seaux sociaux et des informations erron\u00e9es, l\u2019effritement des valeurs communautaires et sociales avec la rupture des alliances et m\u00e9connaissance des pactes s\u00e9culaires entre les anciennes et nouvelles g\u00e9n\u00e9rations, manque de contr\u00f4le parental, non-respect des us et coutumes, et des autorit\u00e9s traditionnelles par les jeunes. S\u2019ajoutent \u00e0 ceux-ci selon lui,  la persistance de forts ressentiments du fait de passifs sociopolitiques mal liquid\u00e9s notamment les crises des ann\u00e9es 90 et 95, le coup d&#8217;\u00c9tat de 1999, la crise \u00e9lectorale de 2000, la r\u00e9bellion de 2002 et la crise post-\u00e9lectorale de 2010.<\/p>\n<p><strong>Tour\u00e9 Abdoulaye avec D. Ouattara (Stagiaire)<\/strong><\/p>\n","protected":false},"excerpt":{"rendered":"<p>\u00ab La politique a le dos large, mais le v\u00e9cu de nos populations est aussi probl\u00e9matique \u00bb, a fait savoir le coordonnateur des programmes de Indigo C\u00f4te d\u2019Ivoire, Ars\u00e8ne Konan, lors d\u2019un point de presse, qui avait pour but de donner les r\u00e9sultats de la tourn\u00e9e de consultation et de dialogue citoyen autour des d\u00e9fis [&hellip;]<\/p>\n","protected":false},"author":3,"featured_media":27043,"comment_status":"closed","ping_status":"closed","sticky":false,"template":"","format":"standard","meta":{"_monsterinsights_skip_tracking":false,"_monsterinsights_sitenote_active":false,"_monsterinsights_sitenote_note":"","_monsterinsights_sitenote_category":0,"footnotes":""},"categories":[2,466],"tags":[],"class_list":["post-27042","post","type-post","status-publish","format-standard","has-post-thumbnail","hentry","category-featured","category-publicite"],"_links":{"self":[{"href":"https:\/\/www.lintelligentdabidjan.info\/news\/wp-json\/wp\/v2\/posts\/27042","targetHints":{"allow":["GET"]}}],"collection":[{"href":"https:\/\/www.lintelligentdabidjan.info\/news\/wp-json\/wp\/v2\/posts"}],"about":[{"href":"https:\/\/www.lintelligentdabidjan.info\/news\/wp-json\/wp\/v2\/types\/post"}],"author":[{"embeddable":true,"href":"https:\/\/www.lintelligentdabidjan.info\/news\/wp-json\/wp\/v2\/users\/3"}],"replies":[{"embeddable":true,"href":"https:\/\/www.lintelligentdabidjan.info\/news\/wp-json\/wp\/v2\/comments?post=27042"}],"version-history":[{"count":1,"href":"https:\/\/www.lintelligentdabidjan.info\/news\/wp-json\/wp\/v2\/posts\/27042\/revisions"}],"predecessor-version":[{"id":27044,"href":"https:\/\/www.lintelligentdabidjan.info\/news\/wp-json\/wp\/v2\/posts\/27042\/revisions\/27044"}],"wp:featuredmedia":[{"embeddable":true,"href":"https:\/\/www.lintelligentdabidjan.info\/news\/wp-json\/wp\/v2\/media\/27043"}],"wp:attachment":[{"href":"https:\/\/www.lintelligentdabidjan.info\/news\/wp-json\/wp\/v2\/media?parent=27042"}],"wp:term":[{"taxonomy":"category","embeddable":true,"href":"https:\/\/www.lintelligentdabidjan.info\/news\/wp-json\/wp\/v2\/categories?post=27042"},{"taxonomy":"post_tag","embeddable":true,"href":"https:\/\/www.lintelligentdabidjan.info\/news\/wp-json\/wp\/v2\/tags?post=27042"}],"curies":[{"name":"wp","href":"https:\/\/api.w.org\/{rel}","templated":true}]}}