{"id":2705,"date":"2017-02-07T00:23:47","date_gmt":"2017-02-06T23:23:47","guid":{"rendered":"http:\/\/www.lintelligentdabidjan.info\/news\/?p=2705"},"modified":"2017-02-07T00:23:47","modified_gmt":"2017-02-06T23:23:47","slug":"action-de-bienfaisance-therese-haury-collecte-6-millions-pour-le-bloc-operatoire-de-lhopital-de-nassian","status":"publish","type":"post","link":"https:\/\/www.lintelligentdabidjan.info\/news\/action-de-bienfaisance-therese-haury-collecte-6-millions-pour-le-bloc-operatoire-de-lhopital-de-nassian\/","title":{"rendered":"Action de bienfaisance Th\u00e9r\u00e8se Haury collecte 6 millions pour le bloc op\u00e9ratoire de l\u2019h\u00f4pital de Nassian"},"content":{"rendered":"<p>6 millions de F Cfa, c\u2019est la somme  r\u00e9colt\u00e9e par Th\u00e9r\u00e8se Haury \u00e0 l\u2019issue du 7\u00e8me  gala des amis de Th\u00e9r\u00e8se Haury qui a eu lieu le samedi 4 f\u00e9vrier 2017 \u00e0 Abidjan-Treichville. Ces fonds sont, selon l\u2019organisatrice du gala, Th\u00e9r\u00e8se Haury, destin\u00e9s \u00e0 l\u2019acquisition d\u2019un bloc op\u00e9ratoire pour l\u2019h\u00f4pital de Nassian (localit\u00e9 situ\u00e9e \u00e0 l\u2019Est de la C\u00f4te d\u2019Ivoire, Ndlr).<!--more--><\/p>\n<p> Engag\u00e9e \u00e0 Nassian depuis 14 ans, Th\u00e9r\u00e8se Haury a justifi\u00e9 la n\u00e9cessit\u00e9 de doter l\u2019h\u00f4pital de Nassian de ce bloc op\u00e9ratoire. \u00ab A Nassian, nous avons d\u00e9j\u00e0 pos\u00e9 beaucoup d\u2019actions entre autres des \u00e9coles, des cantines, des maternit\u00e9s. Je me d\u00e9sole depuis quelques ann\u00e9es que l\u2019h\u00f4pital de Nassian n\u2019ait pas de bloc op\u00e9ratoire. Et pour une c\u00e9sarienne, il faut descendre \u00e0 Bondoukou \u00e0156 kilom\u00e8tres dont 80  de piste. Imaginez combien de morts de b\u00e9b\u00e9s et leur m\u00e8re chaque ann\u00e9e. Donc, je  ne veux plus tol\u00e9rer cela. Je ne veux plus qu\u2019on meurt en donnant la vie  \u00bb, a indiqu\u00e9  Th\u00e9r\u00e8se Haury invitant les personnalit\u00e9s \u00e0 l\u2019union : \u00ab j\u2019ai besoin de vous tous pour r\u00e9aliser mon r\u00eave. Seul, on ne peut rien faire, tous ensemble, on peut r\u00e9aliser des choses. Merci \u00e0 tous ceux qui ont r\u00e9pondu \u00bb. Un geste de haute port\u00e9e fortement appr\u00e9ci\u00e9 par les populations de la localit\u00e9 b\u00e9n\u00e9ficiaire en g\u00e9n\u00e9ral et des autorit\u00e9s de ladite localit\u00e9 en particulier. Accompagn\u00e9 par certaines autorit\u00e9s de Nassian comme l\u2019ancien maire Daniel Kouakou Massad\u00e9, le d\u00e9put\u00e9-Nassian, Kra Eug\u00e8ne, tout en remerciant Th\u00e9r\u00e8se Haury et les donateurs,  a dit sa joie de voir ce v\u0153u se r\u00e9aliser : \u00ab c\u2019est avec beaucoup de joie que nous accueillons cela parce que nous avions approch\u00e9 madame Haury depuis un moment, le maire Massad\u00e9 et moi pour voir dans quelle possibilit\u00e9, on pouvait mettre en place un bloc op\u00e9ratoire parce que cela fait pr\u00e8s de 15 ans que les pistes n\u2019ont pas \u00e9t\u00e9 entretenues. Nous avons d\u00e9j\u00e0 assist\u00e9 \u00e0 des d\u00e9c\u00e8s de femmes enceintes qui devaient \u00eatre op\u00e9r\u00e9es. C\u2019est en cela que nous sommes tr\u00e8s honor\u00e9s que ce gala ait lieu afin de mobiliser les fonds pour ce bloc op\u00e9ratoire \u00bb. Aussi, a-t-il lanc\u00e9 un appel aux autorit\u00e9s de la C\u00f4te d\u2019Ivoire ou \u00e0 des potentiels donateurs. \u00ab Nous avons \u00e9galement le cabinet dentaire \u00e0 mettre en place. Aussi, dis-je que cela fait pr\u00e8s de 15 ans que nos pistes n\u2019ont pas \u00e9t\u00e9 entretenues. C\u2019est un gros probl\u00e8me pour le d\u00e9veloppement de la r\u00e9gion. Il serait donc int\u00e9ressant que nous arrivons \u00e0 entretenir ces diff\u00e9rentes pistes \u00bb.<br \/>\nM.Ouattara<\/p>\n","protected":false},"excerpt":{"rendered":"<p>6 millions de F Cfa, c\u2019est la somme r\u00e9colt\u00e9e par Th\u00e9r\u00e8se Haury \u00e0 l\u2019issue du 7\u00e8me gala des amis de Th\u00e9r\u00e8se Haury qui a eu lieu le samedi 4 f\u00e9vrier 2017 \u00e0 Abidjan-Treichville. Ces fonds sont, selon l\u2019organisatrice du gala, Th\u00e9r\u00e8se Haury, destin\u00e9s \u00e0 l\u2019acquisition d\u2019un bloc op\u00e9ratoire pour l\u2019h\u00f4pital de Nassian (localit\u00e9 situ\u00e9e \u00e0 [&hellip;]<\/p>\n","protected":false},"author":2,"featured_media":2706,"comment_status":"closed","ping_status":"closed","sticky":false,"template":"","format":"standard","meta":{"_monsterinsights_skip_tracking":false,"_monsterinsights_sitenote_active":false,"_monsterinsights_sitenote_note":"","_monsterinsights_sitenote_category":0,"footnotes":""},"categories":[3],"tags":[],"class_list":["post-2705","post","type-post","status-publish","format-standard","has-post-thumbnail","hentry","category-societe"],"_links":{"self":[{"href":"https:\/\/www.lintelligentdabidjan.info\/news\/wp-json\/wp\/v2\/posts\/2705","targetHints":{"allow":["GET"]}}],"collection":[{"href":"https:\/\/www.lintelligentdabidjan.info\/news\/wp-json\/wp\/v2\/posts"}],"about":[{"href":"https:\/\/www.lintelligentdabidjan.info\/news\/wp-json\/wp\/v2\/types\/post"}],"author":[{"embeddable":true,"href":"https:\/\/www.lintelligentdabidjan.info\/news\/wp-json\/wp\/v2\/users\/2"}],"replies":[{"embeddable":true,"href":"https:\/\/www.lintelligentdabidjan.info\/news\/wp-json\/wp\/v2\/comments?post=2705"}],"version-history":[{"count":1,"href":"https:\/\/www.lintelligentdabidjan.info\/news\/wp-json\/wp\/v2\/posts\/2705\/revisions"}],"predecessor-version":[{"id":2707,"href":"https:\/\/www.lintelligentdabidjan.info\/news\/wp-json\/wp\/v2\/posts\/2705\/revisions\/2707"}],"wp:featuredmedia":[{"embeddable":true,"href":"https:\/\/www.lintelligentdabidjan.info\/news\/wp-json\/wp\/v2\/media\/2706"}],"wp:attachment":[{"href":"https:\/\/www.lintelligentdabidjan.info\/news\/wp-json\/wp\/v2\/media?parent=2705"}],"wp:term":[{"taxonomy":"category","embeddable":true,"href":"https:\/\/www.lintelligentdabidjan.info\/news\/wp-json\/wp\/v2\/categories?post=2705"},{"taxonomy":"post_tag","embeddable":true,"href":"https:\/\/www.lintelligentdabidjan.info\/news\/wp-json\/wp\/v2\/tags?post=2705"}],"curies":[{"name":"wp","href":"https:\/\/api.w.org\/{rel}","templated":true}]}}