{"id":2711,"date":"2017-02-07T00:49:02","date_gmt":"2017-02-06T23:49:02","guid":{"rendered":"http:\/\/www.lintelligentdabidjan.info\/news\/?p=2711"},"modified":"2017-02-07T00:49:02","modified_gmt":"2017-02-06T23:49:02","slug":"bruno-kone-depuis-la-maison-de-la-presse","status":"publish","type":"post","link":"https:\/\/www.lintelligentdabidjan.info\/news\/bruno-kone-depuis-la-maison-de-la-presse\/","title":{"rendered":"Bruno Kon\u00e9 depuis la Maison de la presse :  <Notre ambition, avoir une presse responsable>"},"content":{"rendered":"<p>$Bruno Kon\u00e9,  ministre de la Communication, de l\u2019Economie num\u00e9rique   et de la Poste, porte-parole du gouvernement,  dans le cadre de ses visites des structures  sous sa tutelle, \u00e9tait le lundi 6 f\u00e9vrier 2017, \u00e0 la Maison de la presse \u00e0 Abidjan-Plateau pour s\u2019impr\u00e9gner des r\u00e9alit\u00e9s de ce point d\u2019ancrage des  journalistes.<!--more--><\/p>\n<p>  A cette occasion, il  a dit aux journalistes : \u00ab Notre ambition, avoir une presse responsable, qui soit lue de tous (&#8230;) Une presse qui est de plus en plus en phase avec les lecteurs. Relevons le niveau, parce qu&#8217;en le faisant nous allons attirer les lecteurs (&#8230;) Je sais que nous sommes capables de le faire \u00bb.  R\u00e9pondant aux pr\u00e9occupations des journalistes, le ministre a promis d\u2019apporter de l\u2019aide \u00e0 la Maison.  Avant l\u2019intervention du ministre, Karamoko Bamba, directeur g\u00e9n\u00e9ral de la Maison de la presse a offert une visite guid\u00e9e \u00e0 son h\u00f4te. Il lui a expliqu\u00e9 les maux dont souffre  sa structure. Il lui a pr\u00e9sent\u00e9 un tableau synoptique  de la biblioth\u00e8que, du centre m\u00e9dical, du cyber, du restaurant bref,  de tous les compartiments de la Maison de la presse.  Quant \u00e0 Boga Sivori, pr\u00e9sident du conseil de gestion de la Maison de la presse, il a remis au ministre un livre blanc apr\u00e8s avoir plaid\u00e9 que la  Maison de la presse soit d\u2019utilit\u00e9 publique. Il a souhait\u00e9 que le ministre fasse en sorte que les journalistes puissent \u00e0 partir de la Maison de la presse avoir directement acc\u00e8s au Communiqu\u00e9 final du Conseil des ministres sans avoir effectu\u00e9 le d\u00e9placement au Palais pr\u00e9sidentiel.  Avant toutes ces interventions, c\u2019est Traor\u00e9 Moussa, pr\u00e9sident de l\u2019Union nationale des journalistes de C\u00f4te d\u2019Ivoire(Unjci) qui s\u2019est charg\u00e9 de pr\u00e9senter au ministre tous ceux qui animent la Maison de la presse.  Dans la foul\u00e9e, il  lui a montr\u00e9 tous les membres de son bureau excutif.<br \/>\nM.Ouattara<\/p>\n","protected":false},"excerpt":{"rendered":"<p>$Bruno Kon\u00e9, ministre de la Communication, de l\u2019Economie num\u00e9rique et de la Poste, porte-parole du gouvernement, dans le cadre de ses visites des structures sous sa tutelle, \u00e9tait le lundi 6 f\u00e9vrier 2017, \u00e0 la Maison de la presse \u00e0 Abidjan-Plateau pour s\u2019impr\u00e9gner des r\u00e9alit\u00e9s de ce point d\u2019ancrage des journalistes.<\/p>\n","protected":false},"author":2,"featured_media":2712,"comment_status":"closed","ping_status":"closed","sticky":false,"template":"","format":"standard","meta":{"_monsterinsights_skip_tracking":false,"_monsterinsights_sitenote_active":false,"_monsterinsights_sitenote_note":"","_monsterinsights_sitenote_category":0,"footnotes":""},"categories":[3],"tags":[],"class_list":["post-2711","post","type-post","status-publish","format-standard","has-post-thumbnail","hentry","category-societe"],"_links":{"self":[{"href":"https:\/\/www.lintelligentdabidjan.info\/news\/wp-json\/wp\/v2\/posts\/2711","targetHints":{"allow":["GET"]}}],"collection":[{"href":"https:\/\/www.lintelligentdabidjan.info\/news\/wp-json\/wp\/v2\/posts"}],"about":[{"href":"https:\/\/www.lintelligentdabidjan.info\/news\/wp-json\/wp\/v2\/types\/post"}],"author":[{"embeddable":true,"href":"https:\/\/www.lintelligentdabidjan.info\/news\/wp-json\/wp\/v2\/users\/2"}],"replies":[{"embeddable":true,"href":"https:\/\/www.lintelligentdabidjan.info\/news\/wp-json\/wp\/v2\/comments?post=2711"}],"version-history":[{"count":1,"href":"https:\/\/www.lintelligentdabidjan.info\/news\/wp-json\/wp\/v2\/posts\/2711\/revisions"}],"predecessor-version":[{"id":2713,"href":"https:\/\/www.lintelligentdabidjan.info\/news\/wp-json\/wp\/v2\/posts\/2711\/revisions\/2713"}],"wp:featuredmedia":[{"embeddable":true,"href":"https:\/\/www.lintelligentdabidjan.info\/news\/wp-json\/wp\/v2\/media\/2712"}],"wp:attachment":[{"href":"https:\/\/www.lintelligentdabidjan.info\/news\/wp-json\/wp\/v2\/media?parent=2711"}],"wp:term":[{"taxonomy":"category","embeddable":true,"href":"https:\/\/www.lintelligentdabidjan.info\/news\/wp-json\/wp\/v2\/categories?post=2711"},{"taxonomy":"post_tag","embeddable":true,"href":"https:\/\/www.lintelligentdabidjan.info\/news\/wp-json\/wp\/v2\/tags?post=2711"}],"curies":[{"name":"wp","href":"https:\/\/api.w.org\/{rel}","templated":true}]}}